{"id":492494,"date":"2017-08-06T16:33:15","date_gmt":"2017-08-06T21:33:15","guid":{"rendered":"https:\/\/www.futboltotal.com.mx\/?p=492494"},"modified":"2017-08-06T16:33:15","modified_gmt":"2017-08-06T21:33:15","slug":"lobos-buap-da-de-baja-a-william-palacios-tras-rina-en-un-bar","status":"publish","type":"post","link":"http:\/\/desarrollo.grupomedios.com\/futbol\/destacado-home\/lobos-buap-da-de-baja-a-william-palacios-tras-rina-en-un-bar\/2017\/08","title":{"rendered":"Lobos BUAP da de baja a William Palacios tras ri\u00f1a"},"content":{"rendered":"<p>La directiva de <a href=\"https:\/\/www.futboltotal.com.mx\/2017\/08\/tecnico-de-lobos-desconoce-hospitalizacion-de-jugadores\/\" target=\"_blank\" rel=\"noopener noreferrer\"><span style=\"color: #333399;\"><strong>Lobos BUAP<\/strong> <\/span><\/a>desaprob\u00f3 la conducta de sus jugadores<a href=\"https:\/\/www.futboltotal.com.mx\/2017\/08\/dos-jugadores-de-lobos-hospitalizados-tras-aparente-rina\/\" target=\"_blank\" rel=\"noopener noreferrer\"><span style=\"color: #333399;\"><strong> William Palacios<\/strong> y <strong>Juli\u00e1n Qui\u00f1ones<\/strong><\/span><\/a>, quienes se vieron envueltos en una ri\u00f1a callejera la madrugada de este domingo, por lo que decidi\u00f3 dar de baja a <strong>Palacios<\/strong> y sancionar a<strong> Qui\u00f1ones.<\/strong><\/p>\n<p style=\"text-align: center;\"><a href=\"https:\/\/www.futboltotal.com.mx\/2017\/08\/holanda-conquista-la-eurocopa-femenil-ante-dinamarca\/\" target=\"_blank\" rel=\"noopener noreferrer\"><span style=\"color: #333399;\">VER M\u00c1S:\u00a0Holanda conquista la Eurocopa Femenil ante Dinamarca<\/span><\/a><\/p>\n<p>\u201cEl Club Lobos BUAP informa su desacuerdo con el comportamiento extra cancha de dos de sus jugadores, por lo cual despu\u00e9s de haber investigado los hechos y comprobar que se ha infringido el reglamento de la instituci\u00f3n, la directiva ha determinado que el jugador William Palacios es dado de baja de manera definitiva del plantel, luego de haber provocado una ri\u00f1a en una reuni\u00f3n por encontrarse en estado inconveniente. Su compa\u00f1ero, Juli\u00e1n Qui\u00f1ones al intervenir en su defensa result\u00f3 lesionado y ya ha sido atendido\u201d, public\u00f3 el conjunto poblano en un comunicado.<\/p>\n<p style=\"text-align: center;\"><a href=\"https:\/\/www.futboltotal.com.mx\/2017\/08\/tecnico-de-lobos-desconoce-hospitalizacion-de-jugadores\/\" target=\"_blank\" rel=\"noopener noreferrer\"><span style=\"color: #333399;\">VER M\u00c1S:\u00a0T\u00e9cnico de Lobos desconoce hospitalizaci\u00f3n de jugadores<\/span><\/a><\/p>\n<p>\u201cPara el Club Lobos BUAP este tipo de incidentes son inadmisibles ya que no reflejan los valores que promueve la instituci\u00f3n dentro y fuera del terreno de juego; por ello, adem\u00e1s de la baja de Palacios, J. Qui\u00f1ones ser\u00e1 sancionado de acuerdo con el c\u00f3digo de \u00e9tica del equipo\u201d.<\/p>\n<p>Ambos jugadores fueron hospitalizados en el nosocomio <strong>\u00c1ngeles de Puebla<\/strong>, donde fueron atendidos y puestos fuera de peligro.<\/p>\n<p style=\"text-align: center;\"><a href=\"https:\/\/www.futboltotal.com.mx\/2017\/08\/jay-cutler-sale-del-retiro-y-jugara-con-los-miami-dolphins\/\" target=\"_blank\" rel=\"noopener noreferrer\"><span style=\"color: #333399;\">VER M\u00c1S:\u00a0Jay Cutler sale del retiro y jugar\u00e1 con los Miami Dolphins<\/span><\/a><\/p>\n<p>&nbsp;<\/p>\n<p>&nbsp;<\/p>\n<blockquote class=\"twitter-tweet\" data-lang=\"es\">\n<p dir=\"ltr\" lang=\"pt\">Comunicado oficial de prensa. <a href=\"https:\/\/t.co\/vBKwDG5pKi\">pic.twitter.com\/vBKwDG5pKi<\/a><\/p>\n<p>\u2014 Lobos Buap Oficial (@LobosBuapMX) <a href=\"https:\/\/twitter.com\/LobosBuapMX\/status\/894299130415022080\">6 de agosto de 2017<\/a><\/p><\/blockquote>\n<p><script async src=\"\/\/platform.twitter.com\/widgets.js\" charset=\"utf-8\"><\/script><\/p>\n<p>&nbsp;<\/p>\n","protected":false},"excerpt":{"rendered":"<p>William Palacios es dado de baja y Qui\u00f1ones sancionado<\/p>\n","protected":false},"author":20,"featured_media":492495,"comment_status":"closed","ping_status":"closed","sticky":false,"template":"","format":"standard","meta":[],"categories":[5,2198,3845],"tags":[9642,431,9641],"_links":{"self":[{"href":"http:\/\/desarrollo.grupomedios.com\/futbol\/wp-json\/wp\/v2\/posts\/492494"}],"collection":[{"href":"http:\/\/desarrollo.grupomedios.com\/futbol\/wp-json\/wp\/v2\/posts"}],"about":[{"href":"http:\/\/desarrollo.grupomedios.com\/futbol\/wp-json\/wp\/v2\/types\/post"}],"author":[{"embeddable":true,"href":"http:\/\/desarrollo.grupomedios.com\/futbol\/wp-json\/wp\/v2\/users\/20"}],"replies":[{"embeddable":true,"href":"http:\/\/desarrollo.grupomedios.com\/futbol\/wp-json\/wp\/v2\/comments?post=492494"}],"version-history":[{"count":1,"href":"http:\/\/desarrollo.grupomedios.com\/futbol\/wp-json\/wp\/v2\/posts\/492494\/revisions"}],"predecessor-version":[{"id":492496,"href":"http:\/\/desarrollo.grupomedios.com\/futbol\/wp-json\/wp\/v2\/posts\/492494\/revisions\/492496"}],"wp:featuredmedia":[{"embeddable":true,"href":"http:\/\/desarrollo.grupomedios.com\/futbol\/wp-json\/wp\/v2\/media\/492495"}],"wp:attachment":[{"href":"http:\/\/desarrollo.grupomedios.com\/futbol\/wp-json\/wp\/v2\/media?parent=492494"}],"wp:term":[{"taxonomy":"category","embeddable":true,"href":"http:\/\/desarrollo.grupomedios.com\/futbol\/wp-json\/wp\/v2\/categories?post=492494"},{"taxonomy":"post_tag","embeddable":true,"href":"http:\/\/desarrollo.grupomedios.com\/futbol\/wp-json\/wp\/v2\/tags?post=492494"}],"curies":[{"name":"wp","href":"https:\/\/api.w.org\/{rel}","templated":true}]}}