{"id":492497,"date":"2017-08-06T16:53:21","date_gmt":"2017-08-06T21:53:21","guid":{"rendered":"https:\/\/www.futboltotal.com.mx\/?p=492497"},"modified":"2017-08-06T16:53:21","modified_gmt":"2017-08-06T21:53:21","slug":"chelsea-buscara-fichar-a-gareth-bale","status":"publish","type":"post","link":"http:\/\/desarrollo.grupomedios.com\/futbol\/futbol-internacional\/chelsea-buscara-fichar-a-gareth-bale\/2017\/08","title":{"rendered":"Chelsea buscar\u00e1 fichar a Gareth Bale"},"content":{"rendered":"<p><a href=\"https:\/\/www.futboltotal.com.mx\/2017\/08\/asi-vencio-arsenal-al-chelsea-para-levantar-la-community-shield\/\" target=\"_blank\" rel=\"noopener noreferrer\"><span style=\"color: #333399;\"><strong>Chelsea<\/strong> <\/span><\/a>continua conformando su equipo para encarar la<strong> Premier League<\/strong> en la temporada 2017-18, y para ello estar\u00eda dispuesto a negociar con el <a href=\"https:\/\/www.futboltotal.com.mx\/2017\/08\/real-madrid-cepilla-a-futbolista-mexicano-psv-le-abriria-las-puertas\/\" target=\"_blank\" rel=\"noopener noreferrer\"><span style=\"color: #333399;\"><strong>Real Madrid<\/strong><\/span><\/a> por la gal\u00e9s, <a href=\"https:\/\/www.futboltotal.com.mx\/2017\/07\/gareth-bale-frustrado-lesiones-real-madrid\/\" target=\"_blank\" rel=\"noopener noreferrer\"><span style=\"color: #333399;\"><strong>Gareth Bale<\/strong><\/span><\/a>, jugador por el que estar\u00edan dispuestos a pagar 90 millones de libras esterlinas, as\u00ed lo dio a conocer la p\u00e1gina inglesa Express.<\/p>\n<p style=\"text-align: center;\"><a href=\"https:\/\/www.futboltotal.com.mx\/2017\/08\/lobos-buap-da-de-baja-a-william-palacios-tras-rina-en-un-bar\/\" target=\"_blank\" rel=\"noopener noreferrer\"><span style=\"color: #333399;\">VER M\u00c1S:\u00a0Lobos BUAP da de baja a William Palacios tras ri\u00f1a<\/span><\/a><\/p>\n<p>Esto debido a la posible llegada del franc\u00e9s <a href=\"https:\/\/www.futboltotal.com.mx\/2017\/08\/mbappe-llegara-al-real-madrid-sale-gareth-bale\/\" target=\"_blank\" rel=\"noopener noreferrer\"><span style=\"color: #333399;\"><strong>Kylian Mbapp\u00e9<\/strong><\/span><\/a>, ya que con el dinero que le den los londinenses por el gal\u00e9s ser\u00eda usado para fichar al franc\u00e9s, adem\u00e1s de que en los pr\u00f3ximos d\u00edas le ofrecer\u00edan un nuevo contrato a <strong><a href=\"https:\/\/www.futboltotal.com.mx\/2017\/05\/benzema-borrado-la-convocatoria-francia\/\" target=\"_blank\" rel=\"noopener noreferrer\"><span style=\"color: #333399;\">Karim Benzema<\/span><\/a>.<\/strong><\/p>\n<p style=\"text-align: center;\"><a href=\"https:\/\/www.futboltotal.com.mx\/2017\/08\/jay-cutler-sale-del-retiro-y-jugara-con-los-miami-dolphins\/\" target=\"_blank\" rel=\"noopener noreferrer\"><span style=\"color: #333399;\">VER M\u00c1S:\u00a0Jay Cutler sale del retiro y jugar\u00e1 con los Miami Dolphins<\/span><\/a><\/p>\n<p>Sin embargo, los<em> Blues<\/em> no ser\u00edan los \u00fanicos interesados por el exjugador del <strong><a href=\"https:\/\/www.futboltotal.com.mx\/2017\/07\/tottenham-quiere-robarle-mediocampista-al-real-madrid\/\" target=\"_blank\" rel=\"noopener noreferrer\"><span style=\"color: #333399;\">Tottenham<\/span><\/a>,<\/strong> ya que<a href=\"https:\/\/www.futboltotal.com.mx\/2017\/07\/manchester-united-sorprende-ficha-a-uno-los-pilares-del-chelsea\/\" target=\"_blank\" rel=\"noopener noreferrer\"><span style=\"color: #333399;\"><strong> Manchester United<\/strong><\/span><\/a> es otro de los clubes que est\u00e1n interesados en los servicios del jugador.<\/p>\n","protected":false},"excerpt":{"rendered":"<p>Peligra la continuidad de Bale en el Real Madrid<\/p>\n","protected":false},"author":20,"featured_media":474427,"comment_status":"closed","ping_status":"closed","sticky":false,"template":"","format":"standard","meta":[],"categories":[3839,3844,3846],"tags":[5981,6043,8525,5988],"_links":{"self":[{"href":"http:\/\/desarrollo.grupomedios.com\/futbol\/wp-json\/wp\/v2\/posts\/492497"}],"collection":[{"href":"http:\/\/desarrollo.grupomedios.com\/futbol\/wp-json\/wp\/v2\/posts"}],"about":[{"href":"http:\/\/desarrollo.grupomedios.com\/futbol\/wp-json\/wp\/v2\/types\/post"}],"author":[{"embeddable":true,"href":"http:\/\/desarrollo.grupomedios.com\/futbol\/wp-json\/wp\/v2\/users\/20"}],"replies":[{"embeddable":true,"href":"http:\/\/desarrollo.grupomedios.com\/futbol\/wp-json\/wp\/v2\/comments?post=492497"}],"version-history":[{"count":1,"href":"http:\/\/desarrollo.grupomedios.com\/futbol\/wp-json\/wp\/v2\/posts\/492497\/revisions"}],"predecessor-version":[{"id":492498,"href":"http:\/\/desarrollo.grupomedios.com\/futbol\/wp-json\/wp\/v2\/posts\/492497\/revisions\/492498"}],"wp:featuredmedia":[{"embeddable":true,"href":"http:\/\/desarrollo.grupomedios.com\/futbol\/wp-json\/wp\/v2\/media\/474427"}],"wp:attachment":[{"href":"http:\/\/desarrollo.grupomedios.com\/futbol\/wp-json\/wp\/v2\/media?parent=492497"}],"wp:term":[{"taxonomy":"category","embeddable":true,"href":"http:\/\/desarrollo.grupomedios.com\/futbol\/wp-json\/wp\/v2\/categories?post=492497"},{"taxonomy":"post_tag","embeddable":true,"href":"http:\/\/desarrollo.grupomedios.com\/futbol\/wp-json\/wp\/v2\/tags?post=492497"}],"curies":[{"name":"wp","href":"https:\/\/api.w.org\/{rel}","templated":true}]}}