{"id":492499,"date":"2017-08-06T17:12:25","date_gmt":"2017-08-06T22:12:25","guid":{"rendered":"https:\/\/www.futboltotal.com.mx\/?p=492499"},"modified":"2017-08-06T17:12:25","modified_gmt":"2017-08-06T22:12:25","slug":"barcelona-habria-llegado-a-un-acuerdo-con-liverpool-por-coutinho","status":"publish","type":"post","link":"http:\/\/desarrollo.grupomedios.com\/futbol\/futbol-internacional\/barcelona-habria-llegado-a-un-acuerdo-con-liverpool-por-coutinho\/2017\/08","title":{"rendered":"Barcelona habr\u00eda llegado a un acuerdo con el Liverpool por Coutinho"},"content":{"rendered":"<p>El<a href=\"https:\/\/www.futboltotal.com.mx\/2017\/08\/julian-draxler-al-barca-su-agente-fue-visto-en-barcelona\/\" target=\"_blank\" rel=\"noopener noreferrer\"><span style=\"color: #333399;\"><strong> FC Barcelona<\/strong><\/span><\/a> podr\u00eda anunciar el fichaje de <a href=\"https:\/\/www.futboltotal.com.mx\/2017\/08\/liverpool-rechazo-100-millones-del-barcelona-coutinho\/\" target=\"_blank\" rel=\"noopener noreferrer\"><span style=\"color: #333399;\"><strong>Philippe Coutinho<\/strong><\/span><\/a> en los pr\u00f3ximos d\u00edas, luego de que el conjunto cul\u00e9 alcanzara un acuerdo con el <a href=\"https:\/\/www.futboltotal.com.mx\/2017\/08\/liverpool-goleo-al-bayern-se-mete-a-la-final-la-audi-cup\/\" target=\"_blank\" rel=\"noopener noreferrer\"><span style=\"color: #333399;\"><strong>Liverpool<\/strong><\/span><\/a> por el mediocampista brasile\u00f1o.<\/p>\n<p>De los 222 millones de euros ingresados por la venta de <a href=\"https:\/\/www.futboltotal.com.mx\/2017\/08\/padre-neymar-aseguro-hijo-iba-a-sustituto-messi\/\" target=\"_blank\" rel=\"noopener noreferrer\"><span style=\"color: #333399;\"><strong>Neymar<\/strong><\/span><\/a> al <a href=\"https:\/\/www.futboltotal.com.mx\/2017\/08\/psg-ahora-va-oblak-portero-del-atletico-madrid\/\" target=\"_blank\" rel=\"noopener noreferrer\"><span style=\"color: #333399;\"><strong>PSG<\/strong><\/span><\/a>, los blaugranas usar\u00edan 100 en la compra de <strong>Coutinho<\/strong>, quien se convertir\u00e1 en el traspaso r\u00e9cord de la escuadra azulgrana.<\/p>\n<p style=\"text-align: center;\"><a href=\"https:\/\/www.futboltotal.com.mx\/2017\/08\/chelsea-buscara-fichar-a-gareth-bale\/\" target=\"_blank\" rel=\"noopener noreferrer\"><span style=\"color: #333399;\">VER M\u00c1S:\u00a0Chelsea buscar\u00e1 fichar a Gareth Bale<\/span><\/a><\/p>\n<p>De acuerdo con informaci\u00f3n de ESPN, las negociaciones entre las directivas de ambos clubes es un hecho, por lo que los Reds ya se encuentran en busca de un reemplazo para el carioca.<\/p>\n<p>Cabe recordar que el brasile\u00f1o no vio acci\u00f3n en el encuentro amistoso en el que el <strong>Liverpool<\/strong> enfrent\u00f3 al<strong> Athletic<\/strong> por una supuesta dolencia en la espalda.<\/p>\n<p style=\"text-align: center;\"><a href=\"https:\/\/www.futboltotal.com.mx\/2017\/08\/lobos-buap-da-de-baja-a-william-palacios-tras-rina-en-un-bar\/\" target=\"_blank\" rel=\"noopener noreferrer\"><span style=\"color: #333399;\">VER M\u00c1S:\u00a0Lobos BUAP da de baja a William Palacios tras ri\u00f1a<\/span><\/a><\/p>\n","protected":false},"excerpt":{"rendered":"<p>Barcelona oficializar\u00eda el traspaso de Coutinho en los pr\u00f3ximos d\u00edas<\/p>\n","protected":false},"author":20,"featured_media":491412,"comment_status":"closed","ping_status":"closed","sticky":false,"template":"","format":"standard","meta":[],"categories":[3839,3844,3846],"tags":[5984,5989,2669],"_links":{"self":[{"href":"http:\/\/desarrollo.grupomedios.com\/futbol\/wp-json\/wp\/v2\/posts\/492499"}],"collection":[{"href":"http:\/\/desarrollo.grupomedios.com\/futbol\/wp-json\/wp\/v2\/posts"}],"about":[{"href":"http:\/\/desarrollo.grupomedios.com\/futbol\/wp-json\/wp\/v2\/types\/post"}],"author":[{"embeddable":true,"href":"http:\/\/desarrollo.grupomedios.com\/futbol\/wp-json\/wp\/v2\/users\/20"}],"replies":[{"embeddable":true,"href":"http:\/\/desarrollo.grupomedios.com\/futbol\/wp-json\/wp\/v2\/comments?post=492499"}],"version-history":[{"count":1,"href":"http:\/\/desarrollo.grupomedios.com\/futbol\/wp-json\/wp\/v2\/posts\/492499\/revisions"}],"predecessor-version":[{"id":492500,"href":"http:\/\/desarrollo.grupomedios.com\/futbol\/wp-json\/wp\/v2\/posts\/492499\/revisions\/492500"}],"wp:featuredmedia":[{"embeddable":true,"href":"http:\/\/desarrollo.grupomedios.com\/futbol\/wp-json\/wp\/v2\/media\/491412"}],"wp:attachment":[{"href":"http:\/\/desarrollo.grupomedios.com\/futbol\/wp-json\/wp\/v2\/media?parent=492499"}],"wp:term":[{"taxonomy":"category","embeddable":true,"href":"http:\/\/desarrollo.grupomedios.com\/futbol\/wp-json\/wp\/v2\/categories?post=492499"},{"taxonomy":"post_tag","embeddable":true,"href":"http:\/\/desarrollo.grupomedios.com\/futbol\/wp-json\/wp\/v2\/tags?post=492499"}],"curies":[{"name":"wp","href":"https:\/\/api.w.org\/{rel}","templated":true}]}}