{"id":492504,"date":"2017-08-06T18:35:13","date_gmt":"2017-08-06T23:35:13","guid":{"rendered":"https:\/\/www.futboltotal.com.mx\/?p=492504"},"modified":"2017-08-07T08:38:20","modified_gmt":"2017-08-07T13:38:20","slug":"chicharito-salio-mas-crack-para-las-mujeres-que-para-el-futbol","status":"publish","type":"post","link":"http:\/\/desarrollo.grupomedios.com\/futbol\/futbol-internacional\/chicharito-salio-mas-crack-para-las-mujeres-que-para-el-futbol\/2017\/08","title":{"rendered":"Chicharito sali\u00f3 m\u00e1s crack para las mujeres que para el futbol"},"content":{"rendered":"<p>El romance entre el delantero del <strong><a href=\"https:\/\/www.futboltotal.com.mx\/2017\/08\/west-ham-envio-visor-seguir-a-raul-jimenez-en-emirates-cup\/\" target=\"_blank\" rel=\"noopener noreferrer\"><span style=\"color: #333399;\">West Ham<\/span><\/a>, <a href=\"https:\/\/www.futboltotal.com.mx\/2017\/08\/chicharito-sus-primeros-roces-companero\/\" target=\"_blank\" rel=\"noopener noreferrer\"><span style=\"color: #333399;\">Javier Hern\u00e1ndez<\/span><\/a><\/strong> y <a href=\"https:\/\/www.futboltotal.com.mx\/2017\/07\/actriz-andrea-duro-revelo-romance-chicharito\/\" target=\"_blank\" rel=\"noopener noreferrer\"><span style=\"color: #333399;\"><strong>Andrea Duro<\/strong><\/span><\/a>, sigue dando de qu\u00e9 hablar, y es que la actriz espa\u00f1ola public\u00f3 a trav\u00e9s de su cuenta oficial de <strong>Instagram<\/strong> una fotograf\u00eda del regalo que le hizo \u2018Chicharito\u2019.<\/p>\n<p style=\"text-align: center;\"><a href=\"https:\/\/www.futboltotal.com.mx\/2017\/08\/anecdota-por-que-henry-considera-a-messi-mejor-que-cristiano-ronaldo\/\" target=\"_blank\" rel=\"noopener noreferrer\"><span style=\"color: #333399;\">VER M\u00c1S:\u00a0La an\u00e9cdota por la que Henry considera a Messi mejor que CR7<\/span><\/a><\/p>\n<p>En la imagen aparece etiquetado el atacante mexicano y le acompa\u00f1a el texto \u201cMil veces gracias. Soy tan feliz\u2026\u201d, en la fotograf\u00eda en la que se muestra un ramo de rosas rojas.<\/p>\n<p>&nbsp;<\/p>\n<blockquote class=\"instagram-media\" style=\"background: #FFF; border: 0; border-radius: 3px; box-shadow: 0 0 1px 0 rgba(0,0,0,0.5),0 1px 10px 0 rgba(0,0,0,0.15); margin: 1px; max-width: 658px; padding: 0; width: calc(100% - 2px);\" data-instgrm-captioned=\"\" data-instgrm-version=\"7\">\n<div style=\"padding: 8px;\">\n<div style=\"background: #F8F8F8; line-height: 0; margin-top: 40px; padding: 62.5% 0; text-align: center; width: 100%;\"><\/div>\n<p style=\"margin: 8px 0 0 0; padding: 0 4px;\"><a style=\"color: #000; font-family: Arial,sans-serif; font-size: 14px; font-style: normal; font-weight: normal; line-height: 17px; text-decoration: none; word-wrap: break-word;\" href=\"https:\/\/www.instagram.com\/p\/BXYGZpcgbtX\/\" target=\"_blank\" rel=\"noopener noreferrer\">Mil veces gracias. Soy tan feliz&#8230; <\/a><\/p>\n<p style=\"color: #c9c8cd; font-family: Arial,sans-serif; font-size: 14px; line-height: 17px; margin-bottom: 0; margin-top: 8px; overflow: hidden; padding: 8px 0 7px; text-align: center; text-overflow: ellipsis; white-space: nowrap;\">Una publicaci\u00f3n compartida de Andrea Duro (@andreaduro) el <time style=\"font-family: Arial,sans-serif; font-size: 14px; line-height: 17px;\" datetime=\"2017-08-04T15:16:01+00:00\">4 de Ago de 2017 a la(s) 8:16 PDT<\/time><\/p>\n<\/div>\n<\/blockquote>\n<p><script async defer src=\"\/\/platform.instagram.com\/en_US\/embeds.js\"><\/script><\/p>\n<p style=\"text-align: left;\">Esta situaci\u00f3n fue aprovechada por el sitio BullyinFutbolero, que a trav\u00e9s de sus redes sociales subi\u00f3 una foto con al leyenda &#8220;Chicharito ojal\u00e1 fueras tan bueno en la cancha como lo eres con las mujeres. Has tenido mas novias que buenas actuaciones este a\u00f1o&#8221;.<\/p>\n<p>&nbsp;<\/p>\n<blockquote class=\"twitter-tweet\" data-lang=\"es\">\n<p dir=\"ltr\" lang=\"es\">Oye <a href=\"https:\/\/twitter.com\/CH14_\">@CH14_<\/a> ojal\u00e1 fueras tan bueno en la cancha como lo eres con las mujeres.<\/p>\n<p>Has tenido mas novias que buenas actuaciones este a\u00f1o. <a href=\"https:\/\/t.co\/QwRhqwGWnS\">pic.twitter.com\/QwRhqwGWnS<\/a><\/p>\n<p>\u2014 Bullying Futbolero (@BullyingFutbol) <a href=\"https:\/\/twitter.com\/BullyingFutbol\/status\/894335937001398272\">6 de agosto de 2017<\/a><\/p><\/blockquote>\n<p><script async src=\"\/\/platform.twitter.com\/widgets.js\" charset=\"utf-8\"><\/script><\/p>\n<p style=\"text-align: center;\"><a href=\"https:\/\/www.futboltotal.com.mx\/2017\/08\/barcelona-habria-llegado-a-un-acuerdo-con-liverpool-por-coutinho\/\" target=\"_blank\" rel=\"noopener noreferrer\"><span style=\"color: #333399;\">VER M\u00c1S:\u00a0Barcelona habr\u00eda llegado a un acuerdo con el Liverpool por Coutinho<\/span><\/a><\/p>\n<p>Cabe recordar que las actuaciones de <strong>Javier Hern\u00e1ndez<\/strong> dentro del terreno de juego han dejado mucho que desear, no as\u00ed fuera del c\u00e9sped, ya que ha quedado demostrado que es un crack con las mujeres.<\/p>\n<p>&nbsp;<\/p>\n<blockquote class=\"instagram-media\" style=\"background: #FFF; border: 0; border-radius: 3px; box-shadow: 0 0 1px 0 rgba(0,0,0,0.5),0 1px 10px 0 rgba(0,0,0,0.15); margin: 1px; max-width: 658px; padding: 0; width: calc(100% - 2px);\" data-instgrm-captioned=\"\" data-instgrm-version=\"7\">\n<div style=\"padding: 8px;\">\n<div style=\"background: #F8F8F8; line-height: 0; margin-top: 40px; padding: 62.5% 0; text-align: center; width: 100%;\"><\/div>\n<p style=\"margin: 8px 0 0 0; padding: 0 4px;\"><a style=\"color: #000; font-family: Arial,sans-serif; font-size: 14px; font-style: normal; font-weight: normal; line-height: 17px; text-decoration: none; word-wrap: break-word;\" href=\"https:\/\/www.instagram.com\/p\/BXeBcP3AtYi\/\" target=\"_blank\" rel=\"noopener noreferrer\">Felicidad en estado puro @ch14_instagram \u2665\ufe0f<\/a><\/p>\n<p style=\"color: #c9c8cd; font-family: Arial,sans-serif; font-size: 14px; line-height: 17px; margin-bottom: 0; margin-top: 8px; overflow: hidden; padding: 8px 0 7px; text-align: center; text-overflow: ellipsis; white-space: nowrap;\">Una publicaci\u00f3n compartida de Andrea Duro (@andreaduro) el <time style=\"font-family: Arial,sans-serif; font-size: 14px; line-height: 17px;\" datetime=\"2017-08-06T22:28:07+00:00\">6 de Ago de 2017 a la(s) 3:28 PDT<\/time><\/p>\n<\/div>\n<\/blockquote>\n<p><script async defer src=\"\/\/platform.instagram.com\/en_US\/embeds.js\"><\/script><\/p>\n<p>Pero esa situaci\u00f3n no le importa al atacante mexicano, as\u00ed lo demostr\u00f3 en una publicaci\u00f3n que subi\u00f3 a su cuenta de Twitter.<\/p>\n<p>&nbsp;<\/p>\n<blockquote class=\"twitter-tweet\" data-lang=\"es\">\n<p dir=\"ltr\" lang=\"es\">Pensar\u00e1n y dir\u00e1n lo que quieran \u200d\u2642\ufe0f\u2026 Pero hay algo muy claro, no puedo dejar de verla\u2026 \u2764\ufe0f <a href=\"https:\/\/twitter.com\/hashtag\/imsorry?src=hash\">#imsorry<\/a> <a href=\"https:\/\/twitter.com\/hashtag\/feliz?src=hash\">#feliz<\/a> <a href=\"https:\/\/t.co\/BKhZNdncGr\">pic.twitter.com\/BKhZNdncGr<\/a><\/p>\n<p>\u2014 Chicharito Hernandez (@CH14_) <a href=\"https:\/\/twitter.com\/CH14_\/status\/894341306356510720\">6 de agosto de 2017<\/a><\/p><\/blockquote>\n<p><script async src=\"\/\/platform.twitter.com\/widgets.js\" charset=\"utf-8\"><\/script><\/p>\n","protected":false},"excerpt":{"rendered":"<p>Chicharito rompiendo m\u00e1s corazones que r\u00e9cords<\/p>\n","protected":false},"author":20,"featured_media":491424,"comment_status":"closed","ping_status":"closed","sticky":false,"template":"","format":"standard","meta":[],"categories":[5419,7570,3839,6718],"tags":[9545,549,1743],"_links":{"self":[{"href":"http:\/\/desarrollo.grupomedios.com\/futbol\/wp-json\/wp\/v2\/posts\/492504"}],"collection":[{"href":"http:\/\/desarrollo.grupomedios.com\/futbol\/wp-json\/wp\/v2\/posts"}],"about":[{"href":"http:\/\/desarrollo.grupomedios.com\/futbol\/wp-json\/wp\/v2\/types\/post"}],"author":[{"embeddable":true,"href":"http:\/\/desarrollo.grupomedios.com\/futbol\/wp-json\/wp\/v2\/users\/20"}],"replies":[{"embeddable":true,"href":"http:\/\/desarrollo.grupomedios.com\/futbol\/wp-json\/wp\/v2\/comments?post=492504"}],"version-history":[{"count":3,"href":"http:\/\/desarrollo.grupomedios.com\/futbol\/wp-json\/wp\/v2\/posts\/492504\/revisions"}],"predecessor-version":[{"id":492507,"href":"http:\/\/desarrollo.grupomedios.com\/futbol\/wp-json\/wp\/v2\/posts\/492504\/revisions\/492507"}],"wp:featuredmedia":[{"embeddable":true,"href":"http:\/\/desarrollo.grupomedios.com\/futbol\/wp-json\/wp\/v2\/media\/491424"}],"wp:attachment":[{"href":"http:\/\/desarrollo.grupomedios.com\/futbol\/wp-json\/wp\/v2\/media?parent=492504"}],"wp:term":[{"taxonomy":"category","embeddable":true,"href":"http:\/\/desarrollo.grupomedios.com\/futbol\/wp-json\/wp\/v2\/categories?post=492504"},{"taxonomy":"post_tag","embeddable":true,"href":"http:\/\/desarrollo.grupomedios.com\/futbol\/wp-json\/wp\/v2\/tags?post=492504"}],"curies":[{"name":"wp","href":"https:\/\/api.w.org\/{rel}","templated":true}]}}