{"id":492508,"date":"2017-08-06T19:16:00","date_gmt":"2017-08-07T00:16:00","guid":{"rendered":"https:\/\/www.futboltotal.com.mx\/?p=492508"},"modified":"2017-08-06T19:16:00","modified_gmt":"2017-08-07T00:16:00","slug":"quaresma-sorprende-con-su-habilidad-para-manejar-los-cuchillos","status":"publish","type":"post","link":"http:\/\/desarrollo.grupomedios.com\/futbol\/futbol-internacional\/quaresma-sorprende-con-su-habilidad-para-manejar-los-cuchillos\/2017\/08","title":{"rendered":"Quaresma sorprende con su habilidad para manejar el cuchillo"},"content":{"rendered":"<p>Este domingo se suscit\u00f3 un hecho curioso en el encuentro entre el <a href=\"https:\/\/www.futboltotal.com.mx\/2017\/07\/guardado-participo-en-empate-del-betis-ante-besiktas\/\" target=\"_blank\" rel=\"noopener noreferrer\"><span style=\"color: #333399;\"><strong>Besiktas<\/strong><\/span><\/a> y el <strong>Konyaspor<\/strong> por la<strong> Supercopa Turca.<\/strong><\/p>\n<p>Durante el cotejo se registr\u00f3 una ri\u00f1a en las gradas entre los aficionados de ambos conjuntos, cuando de repente un cuchillo cay\u00f3 al c\u00e9sped.<\/p>\n<p style=\"text-align: center;\"><a href=\"https:\/\/www.futboltotal.com.mx\/2017\/08\/chicharito-salio-mas-crack-para-las-mujeres-que-para-el-futbol\/\" target=\"_blank\" rel=\"noopener noreferrer\"><span style=\"color: #333399;\">VER M\u00c1S:\u00a0Chicharito sali\u00f3 m\u00e1s crack para las mujeres que para el futbol<\/span><\/a><\/p>\n<p>El arma punzo cortante fue recogido por <a href=\"https:\/\/www.futboltotal.com.mx\/2015\/04\/que-show-de-quaresma-con-el-porto\/\" target=\"_blank\" rel=\"noopener noreferrer\"><span style=\"color: #333399;\"><strong>Quaresma<\/strong><\/span><\/a>, quien parec\u00eda lo entregar\u00eda al silbante; sin embargo, el portugu\u00e9s decidi\u00f3 quedarse con el cuchillo y mostrar su agilidad para maniobrar con el arma, sorprendiendo a propios y extra\u00f1os.<\/p>\n<p style=\"text-align: center;\"><a href=\"https:\/\/www.futboltotal.com.mx\/2017\/08\/anecdota-por-que-henry-considera-a-messi-mejor-que-cristiano-ronaldo\/\" target=\"_blank\" rel=\"noopener noreferrer\"><span style=\"color: #333399;\">VER M\u00c1S:\u00a0La an\u00e9cdota por la que Henry considera a Messi mejor que CR7<\/span><\/a><\/p>\n<p>&nbsp;<\/p>\n<blockquote class=\"twitter-video\" data-lang=\"es\">\n<p dir=\"ltr\" lang=\"en\">Ricardo Quaresma Knife Skills 2017\/HD <a href=\"https:\/\/t.co\/9ZNSuPJQl2\">pic.twitter.com\/9ZNSuPJQl2<\/a><\/p>\n<p>\u2014 Malik \u00c7 (@epirojenes) <a href=\"https:\/\/twitter.com\/epirojenes\/status\/894304142071652352\">6 de agosto de 2017<\/a><\/p><\/blockquote>\n<p><script async src=\"\/\/platform.twitter.com\/widgets.js\" charset=\"utf-8\"><\/script><\/p>\n","protected":false},"excerpt":{"rendered":"<p>Ricardo Quaresma sali\u00f3 bueno para manejar los cuchillos<\/p>\n","protected":false},"author":20,"featured_media":492509,"comment_status":"closed","ping_status":"closed","sticky":false,"template":"","format":"standard","meta":[],"categories":[5419,3839],"tags":[5773,9647],"_links":{"self":[{"href":"http:\/\/desarrollo.grupomedios.com\/futbol\/wp-json\/wp\/v2\/posts\/492508"}],"collection":[{"href":"http:\/\/desarrollo.grupomedios.com\/futbol\/wp-json\/wp\/v2\/posts"}],"about":[{"href":"http:\/\/desarrollo.grupomedios.com\/futbol\/wp-json\/wp\/v2\/types\/post"}],"author":[{"embeddable":true,"href":"http:\/\/desarrollo.grupomedios.com\/futbol\/wp-json\/wp\/v2\/users\/20"}],"replies":[{"embeddable":true,"href":"http:\/\/desarrollo.grupomedios.com\/futbol\/wp-json\/wp\/v2\/comments?post=492508"}],"version-history":[{"count":1,"href":"http:\/\/desarrollo.grupomedios.com\/futbol\/wp-json\/wp\/v2\/posts\/492508\/revisions"}],"predecessor-version":[{"id":492510,"href":"http:\/\/desarrollo.grupomedios.com\/futbol\/wp-json\/wp\/v2\/posts\/492508\/revisions\/492510"}],"wp:featuredmedia":[{"embeddable":true,"href":"http:\/\/desarrollo.grupomedios.com\/futbol\/wp-json\/wp\/v2\/media\/492509"}],"wp:attachment":[{"href":"http:\/\/desarrollo.grupomedios.com\/futbol\/wp-json\/wp\/v2\/media?parent=492508"}],"wp:term":[{"taxonomy":"category","embeddable":true,"href":"http:\/\/desarrollo.grupomedios.com\/futbol\/wp-json\/wp\/v2\/categories?post=492508"},{"taxonomy":"post_tag","embeddable":true,"href":"http:\/\/desarrollo.grupomedios.com\/futbol\/wp-json\/wp\/v2\/tags?post=492508"}],"curies":[{"name":"wp","href":"https:\/\/api.w.org\/{rel}","templated":true}]}}