{"id":492578,"date":"2017-08-07T09:43:51","date_gmt":"2017-08-07T14:43:51","guid":{"rendered":"https:\/\/www.futboltotal.com.mx\/?p=492578"},"modified":"2017-08-07T09:43:51","modified_gmt":"2017-08-07T14:43:51","slug":"mujer-festejo-gol-del-veracruz-sin-playera","status":"publish","type":"post","link":"http:\/\/desarrollo.grupomedios.com\/futbol\/futbol-mexicano\/mujer-festejo-gol-del-veracruz-sin-playera\/2017\/08","title":{"rendered":"Mujer festej\u00f3 gol del Veracruz&#8230; \u00a1sin playera!"},"content":{"rendered":"<p>El <a href=\"https:\/\/www.futboltotal.com.mx\/2017\/08\/cronica-resultado-veracruz-2-0-puebla-liga-mx\/\" target=\"_blank\" rel=\"noopener noreferrer\"><span style=\"color: #333399;\"><strong>Veracruz<\/strong> logr\u00f3 su primer triunfo del <strong>Apertura 2017<\/strong><\/span><\/a> a costa del <strong>Puebla<\/strong> por 2-0 y la afici\u00f3n de los <em>Tiburones<\/em> no dej\u00f3 pasar la oportunidad para festejar\u00a0en el estadio Luis Pirata Fuente, como una mujer que se dej\u00f3 llevar por la euforia.<\/p>\n<p>Corr\u00eda el minuto 44 del primer tiempo, cuando el argentino <strong>Cristian Men\u00e9ndez<\/strong> qued\u00f3 mano a mano ante el portero <strong>Mois\u00e9s Mu\u00f1oz<\/strong>, luego de una terrible falla de la defensa de <em>La Franja<\/em>, y defini\u00f3 picando el bal\u00f3n sobre el guardameta para firmar el 2-0.<\/p>\n<p style=\"text-align: center;\"><a href=\"https:\/\/www.futboltotal.com.mx\/2017\/08\/las-bellezas-la-jornada-3-del-apertura-2017\/\" target=\"_blank\" rel=\"noopener noreferrer\"><span style=\"color: #333399;\">VER M\u00c1S: Las bellezas de la Jornada 3 del Apertura 2017<\/span><\/a><\/p>\n<p>Esta anotaci\u00f3n, que cerr\u00f3 el marcador definitivo, hizo que una fan\u00e1tica de los escualos mostrara que hac\u00eda mucho calor en el puerto jarocho ya que sin pudor alguno celebr\u00f3 el tanto quit\u00e1ndose la playera o blusa que vest\u00eda y quedando s\u00f3lo en sost\u00e9n. Esa es pasi\u00f3n&#8230;<\/p>\n<p><iframe loading=\"lazy\" src=\"https:\/\/www.youtube.com\/embed\/FTh2v45nHjU\" frameborder=\"0\" allowfullscreen=\"allowfullscreen\"><\/iframe><\/p>\n","protected":false},"excerpt":{"rendered":"<p>La euforia de la fan\u00e1tica cautiv\u00f3 a los presentes.<\/p>\n","protected":false},"author":20,"featured_media":492581,"comment_status":"closed","ping_status":"closed","sticky":false,"template":"","format":"standard","meta":[],"categories":[5419,2198],"tags":[8357,3658,64,5969,6049],"_links":{"self":[{"href":"http:\/\/desarrollo.grupomedios.com\/futbol\/wp-json\/wp\/v2\/posts\/492578"}],"collection":[{"href":"http:\/\/desarrollo.grupomedios.com\/futbol\/wp-json\/wp\/v2\/posts"}],"about":[{"href":"http:\/\/desarrollo.grupomedios.com\/futbol\/wp-json\/wp\/v2\/types\/post"}],"author":[{"embeddable":true,"href":"http:\/\/desarrollo.grupomedios.com\/futbol\/wp-json\/wp\/v2\/users\/20"}],"replies":[{"embeddable":true,"href":"http:\/\/desarrollo.grupomedios.com\/futbol\/wp-json\/wp\/v2\/comments?post=492578"}],"version-history":[{"count":1,"href":"http:\/\/desarrollo.grupomedios.com\/futbol\/wp-json\/wp\/v2\/posts\/492578\/revisions"}],"predecessor-version":[{"id":492582,"href":"http:\/\/desarrollo.grupomedios.com\/futbol\/wp-json\/wp\/v2\/posts\/492578\/revisions\/492582"}],"wp:featuredmedia":[{"embeddable":true,"href":"http:\/\/desarrollo.grupomedios.com\/futbol\/wp-json\/wp\/v2\/media\/492581"}],"wp:attachment":[{"href":"http:\/\/desarrollo.grupomedios.com\/futbol\/wp-json\/wp\/v2\/media?parent=492578"}],"wp:term":[{"taxonomy":"category","embeddable":true,"href":"http:\/\/desarrollo.grupomedios.com\/futbol\/wp-json\/wp\/v2\/categories?post=492578"},{"taxonomy":"post_tag","embeddable":true,"href":"http:\/\/desarrollo.grupomedios.com\/futbol\/wp-json\/wp\/v2\/tags?post=492578"}],"curies":[{"name":"wp","href":"https:\/\/api.w.org\/{rel}","templated":true}]}}