{"id":492583,"date":"2017-08-07T10:03:30","date_gmt":"2017-08-07T15:03:30","guid":{"rendered":"https:\/\/www.futboltotal.com.mx\/?p=492583"},"modified":"2017-08-07T10:03:30","modified_gmt":"2017-08-07T15:03:30","slug":"pumas-analizara-palencia-sigue-sale-del-equipo","status":"publish","type":"post","link":"http:\/\/desarrollo.grupomedios.com\/futbol\/destacado-home\/pumas-analizara-palencia-sigue-sale-del-equipo\/2017\/08","title":{"rendered":"Pumas analizar\u00e1 si Palencia sigue o sale del equipo"},"content":{"rendered":"<p>En <strong>Pumas<\/strong> no sienta nada bien la <a href=\"https:\/\/www.futboltotal.com.mx\/2017\/08\/resultado-cronica-america-2-1-pumas-apertura-2017\/\" target=\"_blank\" rel=\"noopener noreferrer\"><span style=\"color: #333399;\">derrota sufrida por el club ante <strong>Am\u00e9rica<\/strong><\/span><\/a> y, contrario a lo que se dijo previo a ese partido, la directiva auriazul si tomar\u00e1 en cuenta este resultado para el futuro del t\u00e9cnico <strong>Juan Francisco Palencia<\/strong> en una reuni\u00f3n clave que tendr\u00e1 este d\u00eda martes.<\/p>\n<p>De acuerdo a reportes del diario R\u00e9cord, los altos mandos del cuadro universitario llevar\u00e1n a cabo una junta en la que valoren el trabajo de <strong>Palencia<\/strong> con el club en el arranque del <strong>Apertura 2017<\/strong>.<\/p>\n<p style=\"text-align: center;\"><a href=\"https:\/\/www.futboltotal.com.mx\/2017\/08\/la-peticion-cecilio-a-saldivar-termino-gol-america\/\" target=\"_blank\" rel=\"noopener noreferrer\"><span style=\"color: #333399;\">VER M\u00c1S: Esto es lo que le dijo Cecilio a Sald\u00edvar en el penal del Am\u00e9rica<\/span><\/a><\/p>\n<p>Los Pumas llevan marca de un triunfo y dos derrotas, la \u00faltima ante las <em>\u00c1guilas<\/em>, y en la jornada 4 recibir\u00e1n al benjam\u00edn de la Liga MX, el sorprendente <strong>Lobos BUAP<\/strong>, partido que de terminar con una nueva derrota de los auriazulespodr\u00eda significar el adi\u00f3s de <strong>Palencia<\/strong> en el banquillo felino.<\/p>\n<p>El mismo diario menciona que antes de que iniciara el presente torneo, ya se hablaba de que el <em>Gatillero<\/em> contar\u00eda con cinco partidos para que se evaluara su trabajo, pero el irregular arranque que ha tenido el equipo y la ca\u00edda ante Am\u00e9rica han acelerado las cosas.<\/p>\n<p style=\"text-align: center;\"><a href=\"https:\/\/www.futboltotal.com.mx\/2017\/08\/america-padre-los-pumas-en-los-memes\/\" target=\"_blank\" rel=\"noopener noreferrer\"><span style=\"color: #333399;\">VER M\u00c1S: Am\u00e9rica, padre de los Pumas en los memes<\/span><\/a><\/p>\n<p>Incluso, antes del choque con Lobos, los auriazules enfrentar\u00e1n al <strong>Monterrey<\/strong> en la Copa MX, partido que puede servir para preparar el fundamental duelo de Liga MX&#8230; o ser un clavo m\u00e1s al ata\u00fad de <strong>Palencia<\/strong>.<\/p>\n","protected":false},"excerpt":{"rendered":"<p>Los d\u00edas del Gatillero en CU podr\u00edan estar contados.<\/p>\n","protected":false},"author":20,"featured_media":492586,"comment_status":"closed","ping_status":"closed","sticky":false,"template":"","format":"standard","meta":[],"categories":[5,2198,3845],"tags":[8357,1561,64,3338,74],"_links":{"self":[{"href":"http:\/\/desarrollo.grupomedios.com\/futbol\/wp-json\/wp\/v2\/posts\/492583"}],"collection":[{"href":"http:\/\/desarrollo.grupomedios.com\/futbol\/wp-json\/wp\/v2\/posts"}],"about":[{"href":"http:\/\/desarrollo.grupomedios.com\/futbol\/wp-json\/wp\/v2\/types\/post"}],"author":[{"embeddable":true,"href":"http:\/\/desarrollo.grupomedios.com\/futbol\/wp-json\/wp\/v2\/users\/20"}],"replies":[{"embeddable":true,"href":"http:\/\/desarrollo.grupomedios.com\/futbol\/wp-json\/wp\/v2\/comments?post=492583"}],"version-history":[{"count":1,"href":"http:\/\/desarrollo.grupomedios.com\/futbol\/wp-json\/wp\/v2\/posts\/492583\/revisions"}],"predecessor-version":[{"id":492587,"href":"http:\/\/desarrollo.grupomedios.com\/futbol\/wp-json\/wp\/v2\/posts\/492583\/revisions\/492587"}],"wp:featuredmedia":[{"embeddable":true,"href":"http:\/\/desarrollo.grupomedios.com\/futbol\/wp-json\/wp\/v2\/media\/492586"}],"wp:attachment":[{"href":"http:\/\/desarrollo.grupomedios.com\/futbol\/wp-json\/wp\/v2\/media?parent=492583"}],"wp:term":[{"taxonomy":"category","embeddable":true,"href":"http:\/\/desarrollo.grupomedios.com\/futbol\/wp-json\/wp\/v2\/categories?post=492583"},{"taxonomy":"post_tag","embeddable":true,"href":"http:\/\/desarrollo.grupomedios.com\/futbol\/wp-json\/wp\/v2\/tags?post=492583"}],"curies":[{"name":"wp","href":"https:\/\/api.w.org\/{rel}","templated":true}]}}