{"id":492602,"date":"2017-08-07T11:14:26","date_gmt":"2017-08-07T16:14:26","guid":{"rendered":"https:\/\/www.futboltotal.com.mx\/?p=492602"},"modified":"2017-08-07T11:14:26","modified_gmt":"2017-08-07T16:14:26","slug":"mourinho-asegura-bale-esta-disponible-ira","status":"publish","type":"post","link":"http:\/\/desarrollo.grupomedios.com\/futbol\/futbol-internacional\/mourinho-asegura-bale-esta-disponible-ira\/2017\/08","title":{"rendered":"Mourinho asegura que si Bale est\u00e1 disponible, ir\u00e1 por \u00e9l"},"content":{"rendered":"<p>Ante el rumor del posible<span style=\"color: #3366ff;\"><a style=\"color: #3366ff;\" href=\"https:\/\/www.futboltotal.com.mx\/2017\/08\/chelsea-buscara-fichar-a-gareth-bale\/\" target=\"_blank\" rel=\"noopener noreferrer\"> inter\u00e9s del Chelsea en fichar<\/a><\/span> a <strong>Gareth Bale<\/strong>, el t\u00e9cnico del <strong>Manchester United<\/strong>, <strong>Jos\u00e9 Mourinho<\/strong>, revel\u00f3 que tambi\u00e9n har\u00e1 lo posible por fichar al gales para su equipo.<\/p>\n<p>Preguntado en rueda de prensa por el inter\u00e9s que tiene en el jugador del Real Madrid, <strong>Mourinho<\/strong> confirm\u00f3 que si \u00e9l desea salir del club, buscara que llegue a los<em> Red Devils<\/em>.<\/p>\n<p style=\"text-align: center;\"><span style=\"color: #3366ff;\"><a style=\"color: #3366ff;\" href=\"https:\/\/www.futboltotal.com.mx\/2017\/08\/11-ideal-la-jornada-3-del-apertura-2017\/\">VER M\u00c1S: El 11 ideal de la Jornada 3 del Apertura 2017<\/a><\/span><\/p>\n<p>&#8220;Si<strong> Bale<\/strong> juega ma\u00f1ana es una se\u00f1al evidente de que sus planes son seguir en el Real Madrid. Si no juega, me pelear\u00e9 con otros que lo quieran. Si Bale estuviera en la puerta de salida, yo le esperar\u00eda al otro lado y me pelear\u00eda con otros entrenadores por \u00e9l'&#8221;, dijo.Mourinho<\/p>\n<p>Sobre jugar contra el Real Madrid, equipo que dirigi\u00f3 por tres a\u00f1os, <strong>Mourinho<\/strong> no le dio importancia mas que a los t\u00edtulos que ha jugado el conjunto Merengue.<br \/>\n&#8220;Me hace ilusi\u00f3n jugar la Supercopa europea, contra un campe\u00f3n europeo. Es un honor, el Real Madrid un equipo con mucha historia y trofeos todo eso me hace ilusi\u00f3n.&#8221;<\/p>\n<p>Cuando fue preguntado sobre su mala relaci\u00f3n con algunos jugadores de Real Madrid, el entrenador dijo: &#8220;Mis problemas en el f\u00fatbol son siempre problemas que se quedan en el f\u00fatbol. Con los jugadores que he trabajado mantengo relaci\u00f3n con unos y con otros no. No s\u00f3lo con los jugadores del Real Madrid sino del Chelsea, Porto, y otros. Si me los encuentro en la calle, los saludo&#8221;.<\/p>\n<p style=\"text-align: center;\"><span style=\"color: #3366ff;\"><a style=\"color: #3366ff;\" href=\"https:\/\/www.futboltotal.com.mx\/2017\/08\/vanessa-huppenkothen-genera-criticas-foto-en-redes\/\">VER M\u00c1S: Vanessa Huppenkothen genera cr\u00edticas por foto en redes<\/a><\/span><\/p>\n","protected":false},"excerpt":{"rendered":"<p>El portugu\u00e9s quiere al gal\u00e9s en el Manchester United.<\/p>\n","protected":false},"author":20,"featured_media":491605,"comment_status":"closed","ping_status":"closed","sticky":false,"template":"","format":"standard","meta":[],"categories":[3839,3844],"tags":[6043,288,43,5988],"_links":{"self":[{"href":"http:\/\/desarrollo.grupomedios.com\/futbol\/wp-json\/wp\/v2\/posts\/492602"}],"collection":[{"href":"http:\/\/desarrollo.grupomedios.com\/futbol\/wp-json\/wp\/v2\/posts"}],"about":[{"href":"http:\/\/desarrollo.grupomedios.com\/futbol\/wp-json\/wp\/v2\/types\/post"}],"author":[{"embeddable":true,"href":"http:\/\/desarrollo.grupomedios.com\/futbol\/wp-json\/wp\/v2\/users\/20"}],"replies":[{"embeddable":true,"href":"http:\/\/desarrollo.grupomedios.com\/futbol\/wp-json\/wp\/v2\/comments?post=492602"}],"version-history":[{"count":1,"href":"http:\/\/desarrollo.grupomedios.com\/futbol\/wp-json\/wp\/v2\/posts\/492602\/revisions"}],"predecessor-version":[{"id":492603,"href":"http:\/\/desarrollo.grupomedios.com\/futbol\/wp-json\/wp\/v2\/posts\/492602\/revisions\/492603"}],"wp:featuredmedia":[{"embeddable":true,"href":"http:\/\/desarrollo.grupomedios.com\/futbol\/wp-json\/wp\/v2\/media\/491605"}],"wp:attachment":[{"href":"http:\/\/desarrollo.grupomedios.com\/futbol\/wp-json\/wp\/v2\/media?parent=492602"}],"wp:term":[{"taxonomy":"category","embeddable":true,"href":"http:\/\/desarrollo.grupomedios.com\/futbol\/wp-json\/wp\/v2\/categories?post=492602"},{"taxonomy":"post_tag","embeddable":true,"href":"http:\/\/desarrollo.grupomedios.com\/futbol\/wp-json\/wp\/v2\/tags?post=492602"}],"curies":[{"name":"wp","href":"https:\/\/api.w.org\/{rel}","templated":true}]}}