{"id":492634,"date":"2017-08-07T14:57:04","date_gmt":"2017-08-07T19:57:04","guid":{"rendered":"https:\/\/www.futboltotal.com.mx\/?p=492634"},"modified":"2017-08-07T14:57:04","modified_gmt":"2017-08-07T19:57:04","slug":"bundesliga-presume-la-fiesta-mexicana-del-eintracht-frankfurt","status":"publish","type":"post","link":"http:\/\/desarrollo.grupomedios.com\/futbol\/videos\/bundesliga-presume-la-fiesta-mexicana-del-eintracht-frankfurt\/2017\/08","title":{"rendered":"Bundesliga presume la &#8216;fiesta mexicana&#8217; del Eintracht Frankfurt"},"content":{"rendered":"<p>La <strong>Bundesliga<\/strong> presumi\u00f3 la fiesta mexicana del<strong> Eintracht Frankfurt<\/strong>, donde los jugadores <strong>Marco Fabi\u00e1n<\/strong> y <strong>Carlos Salcedo<\/strong>, \u00a0son los encargados de &#8216;echar relajo&#8217; mientras van tomarse la foto oficial rumbo a la temporada 2017-18.<\/p>\n<p>A trav\u00e9s del canal de Youtube de la liga alemana, se public\u00f3 un video durante la toma de la foto oficial de las <em>\u00c1guilas<\/em>, pero lo que llam\u00f3 la atenci\u00f3n fue el relaj\u00f3 que armaron los jugadores mexicanos.<\/p>\n<p>En \u00e9l aparecen Marco Fabi\u00e1n y Carlos Salcedo mostrando la forma de ser de los mexicanos, por lo que la Bundesliga decidi\u00f3 llamarlo \u201cFabian &amp; Salcedo \u2013 Mexican Show at <strong>Eintracht Frankfurt<\/strong>\u201d.<\/p>\n<p style=\"text-align: center;\"><span style=\"color: #3366ff;\"><a style=\"color: #3366ff;\" href=\"https:\/\/www.futboltotal.com.mx\/2017\/08\/mls-robaria-a-gary-medel-millones-tigres\/\">VER M\u00c1S: MLS \u2018robar\u00eda\u2019 a Gary Medel con m\u00e1s millones que Tigres<\/a><\/span><\/p>\n<p><iframe loading=\"lazy\" src=\"https:\/\/www.youtube.com\/embed\/ENIc5UVslbg?feature=oembed\" frameborder=\"0\" allowfullscreen><\/iframe><\/p>\n<p>El Eintracht Frankfurt ha estado presumiendo el buen ambiente que generan tanto Salcedo y Fabi\u00e1n.<\/p>\n<p>https:\/\/twitter.com\/eintracht_esp\/status\/894271871126032384<\/p>\n","protected":false},"excerpt":{"rendered":"<p>Ambos jugadores mexicanos se divirtieron en la foto oficial de su equipo.<\/p>\n","protected":false},"author":20,"featured_media":492467,"comment_status":"closed","ping_status":"closed","sticky":false,"template":"","format":"standard","meta":[],"categories":[3839,4],"tags":[119,5531,3588,131],"_links":{"self":[{"href":"http:\/\/desarrollo.grupomedios.com\/futbol\/wp-json\/wp\/v2\/posts\/492634"}],"collection":[{"href":"http:\/\/desarrollo.grupomedios.com\/futbol\/wp-json\/wp\/v2\/posts"}],"about":[{"href":"http:\/\/desarrollo.grupomedios.com\/futbol\/wp-json\/wp\/v2\/types\/post"}],"author":[{"embeddable":true,"href":"http:\/\/desarrollo.grupomedios.com\/futbol\/wp-json\/wp\/v2\/users\/20"}],"replies":[{"embeddable":true,"href":"http:\/\/desarrollo.grupomedios.com\/futbol\/wp-json\/wp\/v2\/comments?post=492634"}],"version-history":[{"count":1,"href":"http:\/\/desarrollo.grupomedios.com\/futbol\/wp-json\/wp\/v2\/posts\/492634\/revisions"}],"predecessor-version":[{"id":492637,"href":"http:\/\/desarrollo.grupomedios.com\/futbol\/wp-json\/wp\/v2\/posts\/492634\/revisions\/492637"}],"wp:featuredmedia":[{"embeddable":true,"href":"http:\/\/desarrollo.grupomedios.com\/futbol\/wp-json\/wp\/v2\/media\/492467"}],"wp:attachment":[{"href":"http:\/\/desarrollo.grupomedios.com\/futbol\/wp-json\/wp\/v2\/media?parent=492634"}],"wp:term":[{"taxonomy":"category","embeddable":true,"href":"http:\/\/desarrollo.grupomedios.com\/futbol\/wp-json\/wp\/v2\/categories?post=492634"},{"taxonomy":"post_tag","embeddable":true,"href":"http:\/\/desarrollo.grupomedios.com\/futbol\/wp-json\/wp\/v2\/tags?post=492634"}],"curies":[{"name":"wp","href":"https:\/\/api.w.org\/{rel}","templated":true}]}}