{"id":492638,"date":"2017-08-07T15:33:05","date_gmt":"2017-08-07T20:33:05","guid":{"rendered":"https:\/\/www.futboltotal.com.mx\/?p=492638"},"modified":"2017-08-07T15:33:05","modified_gmt":"2017-08-07T20:33:05","slug":"sergio-ramos-mourinho-fue-entrenador","status":"publish","type":"post","link":"http:\/\/desarrollo.grupomedios.com\/futbol\/futbol-internacional\/sergio-ramos-mourinho-fue-entrenador\/2017\/08","title":{"rendered":"Para Sergio Ramos, Mourinho fue &#8220;un entrenador m\u00e1s&#8221;"},"content":{"rendered":"<p><strong>Sergio Ramos<\/strong>, capit\u00e1n del <strong>Real Madrid<\/strong>, descart\u00f3 que el papel de <strong>Jos\u00e9 Mourinho<\/strong> fuese importante en su carrera y asegur\u00f3 que la final de la Supercopa de Europa ante el Manchester United, &#8220;no es un enfrentamiento Mou-Ramos&#8221;.<\/p>\n<p>&#8220;No pienso que cambiase mi carrera, fue un entrenador m\u00e1s&#8221;, asegur\u00f3 con contundencia Ramos preguntado por Mourinho, con quien tuvo m\u00e1s de un enfrentamiento. &#8220;De todos los entrenadores desde benjamin he aprendido y con Jos\u00e9 aprend\u00ed cosas buenas y estoy agradecido de todo pero no creo que por \u00e9l haya cambiado mi vida en el f\u00fatbol&#8221;.<\/p>\n<p style=\"text-align: center;\"><span style=\"color: #3366ff;\"><a style=\"color: #3366ff;\" href=\"https:\/\/www.futboltotal.com.mx\/2017\/08\/bundesliga-presume-la-fiesta-mexicana-del-eintracht-frankfurt\/\">VER M\u00c1S: Bundesliga presume la \u2018fiesta mexicana\u2019 del Eintracht Frankfurt<\/a><\/span><\/p>\n<p>&#8220;No es un enfrentamiento <strong>Mou-Ramos<\/strong>, se enfrentan dos grandes equipos con plantillas completas y con muy buenos jugadores. Vamos a dar todo nuestro rendimiento para llevarnos el t\u00edtulo a casa. Tenemos una cita con la historia gracias a ser campe\u00f3n de Champions y podemos a\u00f1adir un t\u00edtulo m\u00e1s a nuestro palmar\u00e9s. Tenemos muchas ganas de que llegue el partido&#8221;, a\u00f1adi\u00f3.<\/p>\n<p>Y tras el<span style=\"color: #3366ff;\"><a style=\"color: #3366ff;\" href=\"https:\/\/www.futboltotal.com.mx\/2017\/08\/mourinho-asegura-bale-esta-disponible-ira\/\" target=\"_blank\" rel=\"noopener noreferrer\"> inter\u00e9s mostrado por <strong>Mourinho<\/strong> en el gal\u00e9s Gareth Bale<\/a><\/span>, el capit\u00e1n madridista dej\u00f3 claro que conf\u00eda en que siga en el club. &#8220;A d\u00eda de hoy Gareth es futbolista del Real Madrid, estamos encantados de tenerle y el futuro de cada jugador lo decide uno mismo. El mes de agosto es muy largo, puede pasar cualquier cosa, pero estando con nosotros estamos tranquilos, es un gran jugador y nos gusta tener a los mejores&#8221;.<\/p>\n<p>Por \u00faltimo, record\u00f3 el inter\u00e9s del <strong>Manchester United<\/strong> y lo agradeci\u00f3, antes de que llegase su renovaci\u00f3n con el <strong>Real Madrid<\/strong>. &#8220;Hubo esa posibilidad pero finalmente mi situaci\u00f3n se arregl\u00f3 y me alegro que mi \u00faltimo contrato, bueno ya se ver\u00e1 (risas), haya sido con el Real Madrid. Agradezco el inter\u00e9s que en su d\u00eda tuvo el Manchester, un club se\u00f1orial y grande al que deseo lo mejor pero cuando nos cruzamos no queda otra que matarnos con \u00e9l&#8221;. EFE<\/p>\n<p style=\"text-align: center;\"><span style=\"color: #3366ff;\"><a style=\"color: #3366ff;\" href=\"https:\/\/www.futboltotal.com.mx\/2017\/08\/coutinho-pone-una-condicion-para-fichar-con-el-barcelona\/\">VER M\u00c1S: Coutinho pone una condici\u00f3n para fichar con el Barcelona<\/a><\/span><\/p>\n","protected":false},"excerpt":{"rendered":"<p>El espa\u00f1ol asegur\u00f3 que Mou &#8220;no cambi\u00f3 nada&#8221; en su futbol.<\/p>\n","protected":false},"author":144,"featured_media":492645,"comment_status":"closed","ping_status":"closed","sticky":false,"template":"","format":"standard","meta":[],"categories":[3839,3844],"tags":[288,43,5988,6020],"_links":{"self":[{"href":"http:\/\/desarrollo.grupomedios.com\/futbol\/wp-json\/wp\/v2\/posts\/492638"}],"collection":[{"href":"http:\/\/desarrollo.grupomedios.com\/futbol\/wp-json\/wp\/v2\/posts"}],"about":[{"href":"http:\/\/desarrollo.grupomedios.com\/futbol\/wp-json\/wp\/v2\/types\/post"}],"author":[{"embeddable":true,"href":"http:\/\/desarrollo.grupomedios.com\/futbol\/wp-json\/wp\/v2\/users\/144"}],"replies":[{"embeddable":true,"href":"http:\/\/desarrollo.grupomedios.com\/futbol\/wp-json\/wp\/v2\/comments?post=492638"}],"version-history":[{"count":1,"href":"http:\/\/desarrollo.grupomedios.com\/futbol\/wp-json\/wp\/v2\/posts\/492638\/revisions"}],"predecessor-version":[{"id":492646,"href":"http:\/\/desarrollo.grupomedios.com\/futbol\/wp-json\/wp\/v2\/posts\/492638\/revisions\/492646"}],"wp:featuredmedia":[{"embeddable":true,"href":"http:\/\/desarrollo.grupomedios.com\/futbol\/wp-json\/wp\/v2\/media\/492645"}],"wp:attachment":[{"href":"http:\/\/desarrollo.grupomedios.com\/futbol\/wp-json\/wp\/v2\/media?parent=492638"}],"wp:term":[{"taxonomy":"category","embeddable":true,"href":"http:\/\/desarrollo.grupomedios.com\/futbol\/wp-json\/wp\/v2\/categories?post=492638"},{"taxonomy":"post_tag","embeddable":true,"href":"http:\/\/desarrollo.grupomedios.com\/futbol\/wp-json\/wp\/v2\/tags?post=492638"}],"curies":[{"name":"wp","href":"https:\/\/api.w.org\/{rel}","templated":true}]}}