{"id":492667,"date":"2017-08-07T16:52:23","date_gmt":"2017-08-07T21:52:23","guid":{"rendered":"https:\/\/www.futboltotal.com.mx\/?p=492667"},"modified":"2017-08-07T16:52:23","modified_gmt":"2017-08-07T21:52:23","slug":"lobos-buap-pone-ultimatum-a-quinones","status":"publish","type":"post","link":"http:\/\/desarrollo.grupomedios.com\/futbol\/destacado-home\/lobos-buap-pone-ultimatum-a-quinones\/2017\/08","title":{"rendered":"Lobos BUAP le pone un ultim\u00e1tum a Qui\u00f1ones"},"content":{"rendered":"<p>Tras los incidentes en los que se vieron envueltos<b>\u00a0<\/b>dos jugadores de los universitarios, la directiva de<a href=\"https:\/\/www.futboltotal.com.mx\/2017\/08\/dos-jugadores-de-lobos-hospitalizados-tras-aparente-rina\/\" target=\"_blank\" rel=\"noopener noreferrer\"><span style=\"color: #333399;\"><strong> Lobos BUAP<\/strong> <\/span><\/a>tom\u00f3 cartas en el asunto y dio de baja a <strong>Palacios<\/strong> y mult\u00f3 econ\u00f3micamente a <strong>Qui\u00f1ones<\/strong>.<\/p>\n<p>Ante esto, el t\u00e9cnico de los <em>Lic\u00e1ntropos<\/em>, <strong><a href=\"https:\/\/www.futboltotal.com.mx\/2017\/08\/tecnico-de-lobos-desconoce-hospitalizacion-de-jugadores\/\" target=\"_blank\" rel=\"noopener noreferrer\"><span style=\"color: #333399;\">Rafael Puente del R\u00ed<\/span><\/a>o<\/strong>, asegur\u00f3 que el club no tolerar\u00e1 ninguna indisciplina m\u00e1s y asegur\u00f3 que si Qui\u00f1ones reincide, correr\u00e1 la misma suerte que <a href=\"https:\/\/www.futboltotal.com.mx\/2017\/08\/lobos-buap-da-de-baja-a-william-palacios-tras-rina-en-un-bar\/\" target=\"_blank\" rel=\"noopener noreferrer\"><span style=\"color: #333399;\"><strong>William Palacios<\/strong><\/span><\/a>, declar\u00f3 para ESPN.<\/p>\n<p style=\"text-align: center;\"><span style=\"color: #333399;\">VER M\u00c1S:\u00a0Presidente del Barcelona critica duramente a Neymar<\/span><\/p>\n<blockquote><p>\u201cTiene que cumplir con la sanci\u00f3n que corresponde, porque tiene que quedar claro que si sigue en el equipo, entonces no. La sanci\u00f3n existe y tendr\u00e1 que cumplirla y ser\u00e1 dolorosa y ser\u00e1 fuerte y ser\u00e1 una llamada de atenci\u00f3n\u201d.<\/p>\n<p>\u201cTendr\u00e1 que quedar muy claro que si incurre de nueva cuenta en esta misma situaci\u00f3n, te cuesta la permanencia en el equipo, porque aqu\u00ed nos distinguen valores muy claros\u201d.<\/p><\/blockquote>\n<p style=\"text-align: center;\"><a href=\"https:\/\/www.futboltotal.com.mx\/2017\/08\/briseno-no-fue-convocado-por-el-feirense-en-el-inicio-de-la-liga\/\" target=\"_blank\" rel=\"noopener noreferrer\">VER M\u00c1S:\u00a0Brise\u00f1o no fue convocado por el Feirense en el inicio de la Liga<\/a><\/p>\n<p>Por \u00faltimo, el timonel asegur\u00f3 que el grupo est\u00e1 bastante afectado por la ri\u00f1a, la salida de <strong>Palacios<\/strong> y el asunto de <a href=\"https:\/\/www.futboltotal.com.mx\/2017\/08\/portero-de-lobos-buap-operado-con-exito\/\" target=\"_blank\" rel=\"noopener noreferrer\"><span style=\"color: #333399;\"><strong>Lucero \u00c1lvarez.<\/strong><\/span><\/a><\/p>\n<p style=\"text-align: center;\"><a href=\"https:\/\/www.futboltotal.com.mx\/2017\/08\/vangioni-podria-debutar-en-copa-mx-ante-pumas\/\" target=\"_blank\" rel=\"noopener noreferrer\">VER M\u00c1S:\u00a0Vangioni podr\u00eda debutar en Copa MX ante Pumas<\/a><\/p>\n<blockquote><p>\u201cNosotros privilegiamos mucho la parte humana y con esta lamentable situaci\u00f3n en la que no estar\u00e1 m\u00e1s William Palacios con nosotros y lo de Qui\u00f1ones, a todos nos afecta\u201d.<\/p>\n<p>\u201cAun as\u00ed hemos sido capaces, porque estamos convencidos que lo que no te mata te hace m\u00e1s fuerte. Esto no nos ha matado y nos tiene que fortalecer m\u00e1s como grupo. La \u00fanica forma de que esta f\u00f3rmula exitosa se mantenga exitosa es mantenerlo es no cambiar y eso quiere decir, ser aferrado y no ser pragm\u00e1tico\u201d.<\/p><\/blockquote>\n<p style=\"text-align: center;\"><a href=\"https:\/\/www.futboltotal.com.mx\/2017\/08\/alberto-contador-anuncia-su-retiro-del-ciclismo\/\" target=\"_blank\" rel=\"noopener noreferrer\"><span style=\"color: #333399;\">VER M\u00c1S:\u00a0Alberto Contador anuncia su retiro del ciclismo<\/span><\/a><\/p>\n","protected":false},"excerpt":{"rendered":"<p>Lobos BUAP pone mano dura<\/p>\n","protected":false},"author":20,"featured_media":492669,"comment_status":"closed","ping_status":"closed","sticky":false,"template":"","format":"standard","meta":[],"categories":[5,2198,3845],"tags":[9642,431,9660,9641],"_links":{"self":[{"href":"http:\/\/desarrollo.grupomedios.com\/futbol\/wp-json\/wp\/v2\/posts\/492667"}],"collection":[{"href":"http:\/\/desarrollo.grupomedios.com\/futbol\/wp-json\/wp\/v2\/posts"}],"about":[{"href":"http:\/\/desarrollo.grupomedios.com\/futbol\/wp-json\/wp\/v2\/types\/post"}],"author":[{"embeddable":true,"href":"http:\/\/desarrollo.grupomedios.com\/futbol\/wp-json\/wp\/v2\/users\/20"}],"replies":[{"embeddable":true,"href":"http:\/\/desarrollo.grupomedios.com\/futbol\/wp-json\/wp\/v2\/comments?post=492667"}],"version-history":[{"count":1,"href":"http:\/\/desarrollo.grupomedios.com\/futbol\/wp-json\/wp\/v2\/posts\/492667\/revisions"}],"predecessor-version":[{"id":492671,"href":"http:\/\/desarrollo.grupomedios.com\/futbol\/wp-json\/wp\/v2\/posts\/492667\/revisions\/492671"}],"wp:featuredmedia":[{"embeddable":true,"href":"http:\/\/desarrollo.grupomedios.com\/futbol\/wp-json\/wp\/v2\/media\/492669"}],"wp:attachment":[{"href":"http:\/\/desarrollo.grupomedios.com\/futbol\/wp-json\/wp\/v2\/media?parent=492667"}],"wp:term":[{"taxonomy":"category","embeddable":true,"href":"http:\/\/desarrollo.grupomedios.com\/futbol\/wp-json\/wp\/v2\/categories?post=492667"},{"taxonomy":"post_tag","embeddable":true,"href":"http:\/\/desarrollo.grupomedios.com\/futbol\/wp-json\/wp\/v2\/tags?post=492667"}],"curies":[{"name":"wp","href":"https:\/\/api.w.org\/{rel}","templated":true}]}}