{"id":492668,"date":"2017-08-07T17:05:54","date_gmt":"2017-08-07T22:05:54","guid":{"rendered":"https:\/\/www.futboltotal.com.mx\/?p=492668"},"modified":"2017-08-07T17:05:54","modified_gmt":"2017-08-07T22:05:54","slug":"cecilio-dominguez-acepta-a-saldivar-hijo-lo-trollea-en-twitter","status":"publish","type":"post","link":"http:\/\/desarrollo.grupomedios.com\/futbol\/futbol-mexicano\/cecilio-dominguez-acepta-a-saldivar-hijo-lo-trollea-en-twitter\/2017\/08","title":{"rendered":"Cecilio acepta a Saldivar como su &#8216;hijo&#8217; y lo trollea en Twitter"},"content":{"rendered":"<p>Parece que durante el partido que disputaron Am\u00e9rica y Pumas el pasado fin de semana, surgi\u00f3 una nueva rivalidad entre el delantero de las <em>\u00c1guilas<\/em>, <strong>Cecilio Dom\u00ednguez<\/strong> y el portero auriazul,<strong> Alfredo Saldivar<\/strong>.<\/p>\n<p>Todo empez\u00f3 cuando el arquero universitario quiso &#8216;distraer&#8217; al paraguayo , pero \u00e9ste lo ignor\u00f3 y hasta<span style=\"color: #3366ff;\"><a style=\"color: #3366ff;\" href=\"https:\/\/www.futboltotal.com.mx\/2017\/08\/la-peticion-cecilio-a-saldivar-termino-gol-america\/\" target=\"_blank\" rel=\"noopener noreferrer\"> le confes\u00f3 que har\u00eda con el penal<\/a><\/span>, que despu\u00e9s termin\u00f3 d\u00e1ndole el triunfo a los universitarios.<\/p>\n<p style=\"text-align: center;\"><span style=\"color: #3366ff;\"><a style=\"color: #3366ff;\" href=\"https:\/\/www.futboltotal.com.mx\/2017\/08\/la-peticion-cecilio-a-saldivar-termino-gol-america\/\">VER M\u00c1S: La petici\u00f3n de Cecilio a Saldivar que termin\u00f3 con el gol de Am\u00e9rica<\/a><\/span><\/p>\n<blockquote class=\"twitter-tweet\" data-width=\"500\">\n<p lang=\"es\" dir=\"ltr\">Cecilio Dominguez la volvi\u00f3 a hacer!!! <a href=\"https:\/\/twitter.com\/hashtag\/SomosAmerica?src=hash\">#SomosAmerica<\/a> <a href=\"https:\/\/t.co\/UWNtU7qPZu\">pic.twitter.com\/UWNtU7qPZu<\/a><\/p>\n<p>&mdash; Territorio\u00c1guila (@TerritorioA2017) <a href=\"https:\/\/twitter.com\/TerritorioA2017\/status\/894094647424946177\">August 6, 2017<\/a><\/p><\/blockquote>\n<p><script async src=\"\/\/platform.twitter.com\/widgets.js\" charset=\"utf-8\"><\/script><\/p>\n<p>Ante el gol del americanista, los memes comenzaron a salir en las redes sociales y hubo uno en especial que termin\u00f3 por trollear a <strong>Alfredo Saldivar<\/strong> en Twitter.<\/p>\n<p>Una aficionada comparti\u00f3 una imagen de <strong>Cecilio Dom\u00ednguez<\/strong> con su hijo y otra donde aparece con el portero de Pumas. La usuaria arrob\u00f3 al jugador y escribi\u00f3 que estaba &#8220;con su hijo&#8221;, gan\u00e1ndose el Retweet del paraguayo.<\/p>\n<p><a href=\"https:\/\/www.futboltotal.com.mx\/wp-content\/uploads\/2017\/08\/cecilio-dominguez-1.jpg\"><img decoding=\"async\" loading=\"lazy\" class=\"size-full wp-image-492673 aligncenter\" src=\"https:\/\/www.futboltotal.com.mx\/wp-content\/uploads\/2017\/08\/cecilio-dominguez-1.jpg\" alt=\"Cecilio acepta a Saldivar como su &#8216;hijo&#8217; y lo trollea en Twitter 0\" srcset=\"http:\/\/desarrollo.grupomedios.com\/futbol\/wp-content\/uploads\/2017\/08\/cecilio-dominguez-1.jpg 633w, http:\/\/desarrollo.grupomedios.com\/futbol\/wp-content\/uploads\/2017\/08\/cecilio-dominguez-1-300x257.jpg 300w\" sizes=\"(max-width: 633px) 100vw, 633px\" \/><\/a><\/p>\n<p>Caber recordar que en el partido del Clausura 2017, <strong>Cecilio<\/strong> tambi\u00e9n le marc\u00f3 a <strong>Alfredo Saldivar<\/strong> en el triunfo de Am\u00e9rica sobre Pumas en la cancha de Ciudad Universitaria.<\/p>\n<p><iframe loading=\"lazy\" src=\"https:\/\/www.youtube.com\/embed\/MUfTqAA-ILM?feature=oembed\" frameborder=\"0\" allowfullscreen><\/iframe><\/p>\n","protected":false},"excerpt":{"rendered":"<p>El delantero dio RT a un &#8220;meme&#8221; sobre \u00e9l y el portero de Pumas.<\/p>\n","protected":false},"author":20,"featured_media":492419,"comment_status":"closed","ping_status":"closed","sticky":false,"template":"","format":"standard","meta":[],"categories":[2198,3845],"tags":[2473,5959,7881,74],"_links":{"self":[{"href":"http:\/\/desarrollo.grupomedios.com\/futbol\/wp-json\/wp\/v2\/posts\/492668"}],"collection":[{"href":"http:\/\/desarrollo.grupomedios.com\/futbol\/wp-json\/wp\/v2\/posts"}],"about":[{"href":"http:\/\/desarrollo.grupomedios.com\/futbol\/wp-json\/wp\/v2\/types\/post"}],"author":[{"embeddable":true,"href":"http:\/\/desarrollo.grupomedios.com\/futbol\/wp-json\/wp\/v2\/users\/20"}],"replies":[{"embeddable":true,"href":"http:\/\/desarrollo.grupomedios.com\/futbol\/wp-json\/wp\/v2\/comments?post=492668"}],"version-history":[{"count":1,"href":"http:\/\/desarrollo.grupomedios.com\/futbol\/wp-json\/wp\/v2\/posts\/492668\/revisions"}],"predecessor-version":[{"id":492674,"href":"http:\/\/desarrollo.grupomedios.com\/futbol\/wp-json\/wp\/v2\/posts\/492668\/revisions\/492674"}],"wp:featuredmedia":[{"embeddable":true,"href":"http:\/\/desarrollo.grupomedios.com\/futbol\/wp-json\/wp\/v2\/media\/492419"}],"wp:attachment":[{"href":"http:\/\/desarrollo.grupomedios.com\/futbol\/wp-json\/wp\/v2\/media?parent=492668"}],"wp:term":[{"taxonomy":"category","embeddable":true,"href":"http:\/\/desarrollo.grupomedios.com\/futbol\/wp-json\/wp\/v2\/categories?post=492668"},{"taxonomy":"post_tag","embeddable":true,"href":"http:\/\/desarrollo.grupomedios.com\/futbol\/wp-json\/wp\/v2\/tags?post=492668"}],"curies":[{"name":"wp","href":"https:\/\/api.w.org\/{rel}","templated":true}]}}