{"id":492687,"date":"2017-08-07T18:38:21","date_gmt":"2017-08-07T23:38:21","guid":{"rendered":"https:\/\/www.futboltotal.com.mx\/?p=492687"},"modified":"2017-08-07T18:38:21","modified_gmt":"2017-08-07T23:38:21","slug":"patronato-pumas-no-esta-contento-los-resultados","status":"publish","type":"post","link":"http:\/\/desarrollo.grupomedios.com\/futbol\/futbol-mexicano\/patronato-pumas-no-esta-contento-los-resultados\/2017\/08","title":{"rendered":"Patronato de Pumas no est\u00e1 contento con los resultados"},"content":{"rendered":"<p>Los <a href=\"https:\/\/www.futboltotal.com.mx\/2017\/08\/pumas-analizara-palencia-sigue-sale-del-equipo\/\" target=\"_blank\" rel=\"noopener noreferrer\"><span style=\"color: #333399;\"><strong>Pumas de la UNAM<\/strong><\/span><\/a> suman tres puntos de nueve posibles en el presente <strong>Apertura 2017<\/strong>, situaci\u00f3n que no tiene contento al patronato de los universitarios, encabezado por <strong>Rodrigo Ares de Parga<\/strong>, quien asegur\u00f3 que los dirigidos por <a href=\"https:\/\/www.futboltotal.com.mx\/2017\/06\/palencia-revela-causas-salida-veron-pikolin\/\" target=\"_blank\" rel=\"noopener noreferrer\"><span style=\"color: #333399;\"><strong>Juan Francisco Palencia<\/strong><\/span><\/a> han mostrado buen nivel dentro del terreno de juego.<\/p>\n<p style=\"text-align: center;\"><a href=\"https:\/\/www.futboltotal.com.mx\/2017\/08\/pavel-pardo-incluido-en-las-leyendas-de-la-bundesliga\/\" target=\"_blank\" rel=\"noopener noreferrer\"><span style=\"color: #333399;\">VER M\u00c1S:\u00a0P\u00e1vel Pardo incluido en las leyendas de la Bundesliga<\/span><\/a><\/p>\n<p>Por \u00faltimo, el presidente del patronato asegur\u00f3 que <strong>Pumas<\/strong> no merec\u00eda perder en el <em>Cl\u00e1sico Capitalino<\/em> ante <a href=\"https:\/\/www.futboltotal.com.mx\/2017\/08\/cecilio-mateus-duda-proximo-partido-del-america\/\" target=\"_blank\" rel=\"noopener noreferrer\"><span style=\"color: #333399;\"><strong>Am\u00e9rica<\/strong><\/span><\/a>, y aprovech\u00f3 para hablar sobre el tema de <a href=\"https:\/\/www.futboltotal.com.mx\/2017\/08\/gaston-silva-ignora-a-pumas-entrena-independiente\/\" target=\"_blank\" rel=\"noopener noreferrer\"><span style=\"color: #333399;\"><strong>Gast\u00f3n Silva<\/strong>,<\/span><\/a> destacando que contin\u00faan en pl\u00e1ticas para ver qu\u00e9 sucede en la parte jur\u00eddica y recalc\u00f3 que no buscar\u00e1n a otro jugador.<\/p>\n<p style=\"text-align: center;\"><a href=\"https:\/\/www.futboltotal.com.mx\/2017\/08\/jugador-argentino-deja-a-necaxa-para-jugar-en-segunda-espana\/\" target=\"_blank\" rel=\"noopener noreferrer\"><span style=\"color: #333399;\">VER M\u00c1S:Jugador argentino deja al Necaxa para jugar en la Segunda de Espa\u00f1a<\/span><\/a><\/p>\n","protected":false},"excerpt":{"rendered":"<p>Patronato de Pumas inconforme con los resultados<\/p>\n","protected":false},"author":20,"featured_media":492688,"comment_status":"closed","ping_status":"closed","sticky":false,"template":"","format":"standard","meta":[],"categories":[2198,3845],"tags":[1561,9663,74],"_links":{"self":[{"href":"http:\/\/desarrollo.grupomedios.com\/futbol\/wp-json\/wp\/v2\/posts\/492687"}],"collection":[{"href":"http:\/\/desarrollo.grupomedios.com\/futbol\/wp-json\/wp\/v2\/posts"}],"about":[{"href":"http:\/\/desarrollo.grupomedios.com\/futbol\/wp-json\/wp\/v2\/types\/post"}],"author":[{"embeddable":true,"href":"http:\/\/desarrollo.grupomedios.com\/futbol\/wp-json\/wp\/v2\/users\/20"}],"replies":[{"embeddable":true,"href":"http:\/\/desarrollo.grupomedios.com\/futbol\/wp-json\/wp\/v2\/comments?post=492687"}],"version-history":[{"count":1,"href":"http:\/\/desarrollo.grupomedios.com\/futbol\/wp-json\/wp\/v2\/posts\/492687\/revisions"}],"predecessor-version":[{"id":492689,"href":"http:\/\/desarrollo.grupomedios.com\/futbol\/wp-json\/wp\/v2\/posts\/492687\/revisions\/492689"}],"wp:featuredmedia":[{"embeddable":true,"href":"http:\/\/desarrollo.grupomedios.com\/futbol\/wp-json\/wp\/v2\/media\/492688"}],"wp:attachment":[{"href":"http:\/\/desarrollo.grupomedios.com\/futbol\/wp-json\/wp\/v2\/media?parent=492687"}],"wp:term":[{"taxonomy":"category","embeddable":true,"href":"http:\/\/desarrollo.grupomedios.com\/futbol\/wp-json\/wp\/v2\/categories?post=492687"},{"taxonomy":"post_tag","embeddable":true,"href":"http:\/\/desarrollo.grupomedios.com\/futbol\/wp-json\/wp\/v2\/tags?post=492687"}],"curies":[{"name":"wp","href":"https:\/\/api.w.org\/{rel}","templated":true}]}}