{"id":492695,"date":"2017-08-07T19:12:09","date_gmt":"2017-08-08T00:12:09","guid":{"rendered":"https:\/\/www.futboltotal.com.mx\/?p=492695"},"modified":"2017-08-07T19:12:09","modified_gmt":"2017-08-08T00:12:09","slug":"quinones-fue-operado-con-exito-y-es-duda-para-la-jornada-4","status":"publish","type":"post","link":"http:\/\/desarrollo.grupomedios.com\/futbol\/futbol-mexicano\/quinones-fue-operado-con-exito-y-es-duda-para-la-jornada-4\/2017\/08","title":{"rendered":"Qui\u00f1ones fue operado con \u00e9xito y es duda para la Jornada 4"},"content":{"rendered":"<p>El actual l\u00edder de goleo y delantero de <strong><a href=\"https:\/\/www.futboltotal.com.mx\/2017\/08\/tecnico-de-lobos-desconoce-hospitalizacion-de-jugadores\/\" target=\"_blank\" rel=\"noopener noreferrer\"><span style=\"color: #333399;\">Lobos BUAP<\/span><\/a>, <a href=\"https:\/\/www.futboltotal.com.mx\/2017\/08\/lobos-buap-pone-ultimatum-a-quinones\/\" target=\"_blank\" rel=\"noopener noreferrer\"><span style=\"color: #333399;\">Juli\u00e1n Qui\u00f1ones<\/span><\/a><\/strong>, fue opera de forma exitosa tras sufrir lesiones en los tendones durante una ri\u00f1a que protagoniz\u00f3 a lado de <a href=\"https:\/\/www.futboltotal.com.mx\/2017\/08\/lobos-buap-da-de-baja-a-william-palacios-tras-rina-en-un-bar\/\" target=\"_blank\" rel=\"noopener noreferrer\"><span style=\"color: #333399;\"><strong>William Palacios<\/strong><\/span><\/a> en un bar de<strong> Puebla.<\/strong><\/p>\n<p style=\"text-align: center;\"><a href=\"https:\/\/www.futboltotal.com.mx\/2017\/08\/hackean-a-rosario-cota-o-le-tunde-con-todo-a-refuerzos-de-cruz-azul\/\" target=\"_blank\" rel=\"noopener noreferrer\"><span style=\"color: #333399;\">VER M\u00c1S:\u00a0\u00bfHackean a Rosario Cota? Porque le tundi\u00f3 a los refuerzo de Cruz Azul<\/span><\/a><\/p>\n<p>El jugador colombiano ser\u00e1 dado de alta este martes y se integrar\u00e1 al trabajo de los<em> Lic\u00e1ntropos<\/em>, que visitar\u00e1n a los <a href=\"https:\/\/www.futboltotal.com.mx\/2017\/08\/patronato-pumas-no-esta-contento-los-resultados\/\" target=\"_blank\" rel=\"noopener noreferrer\"><span style=\"color: #333399;\"><strong>Pumas de la UNAM<\/strong><\/span><\/a> en la<strong> Jornada 4<\/strong>; sin embargo, la participaci\u00f3n de <strong>Qui\u00f1ones<\/strong> est\u00e1 en duda, ya que m\u00e1s all\u00e1 de su lesi\u00f3n, el ariete recibir\u00e1 una sanci\u00f3n.<\/p>\n<p style=\"text-align: center;\"><a href=\"https:\/\/www.futboltotal.com.mx\/2017\/08\/patronato-pumas-no-esta-contento-los-resultados\/\" target=\"_blank\" rel=\"noopener noreferrer\">VER M\u00c1S: Patronato de Pumas no est\u00e1 contento con los resultados<\/a><\/p>\n","protected":false},"excerpt":{"rendered":"<p>Qui\u00f1ones fue operado con \u00e9xito y ser\u00e1 dado de alta este martes<\/p>\n","protected":false},"author":20,"featured_media":492669,"comment_status":"closed","ping_status":"closed","sticky":false,"template":"","format":"standard","meta":[],"categories":[2198,3845],"tags":[2578,431,74,9665,9641],"_links":{"self":[{"href":"http:\/\/desarrollo.grupomedios.com\/futbol\/wp-json\/wp\/v2\/posts\/492695"}],"collection":[{"href":"http:\/\/desarrollo.grupomedios.com\/futbol\/wp-json\/wp\/v2\/posts"}],"about":[{"href":"http:\/\/desarrollo.grupomedios.com\/futbol\/wp-json\/wp\/v2\/types\/post"}],"author":[{"embeddable":true,"href":"http:\/\/desarrollo.grupomedios.com\/futbol\/wp-json\/wp\/v2\/users\/20"}],"replies":[{"embeddable":true,"href":"http:\/\/desarrollo.grupomedios.com\/futbol\/wp-json\/wp\/v2\/comments?post=492695"}],"version-history":[{"count":1,"href":"http:\/\/desarrollo.grupomedios.com\/futbol\/wp-json\/wp\/v2\/posts\/492695\/revisions"}],"predecessor-version":[{"id":492696,"href":"http:\/\/desarrollo.grupomedios.com\/futbol\/wp-json\/wp\/v2\/posts\/492695\/revisions\/492696"}],"wp:featuredmedia":[{"embeddable":true,"href":"http:\/\/desarrollo.grupomedios.com\/futbol\/wp-json\/wp\/v2\/media\/492669"}],"wp:attachment":[{"href":"http:\/\/desarrollo.grupomedios.com\/futbol\/wp-json\/wp\/v2\/media?parent=492695"}],"wp:term":[{"taxonomy":"category","embeddable":true,"href":"http:\/\/desarrollo.grupomedios.com\/futbol\/wp-json\/wp\/v2\/categories?post=492695"},{"taxonomy":"post_tag","embeddable":true,"href":"http:\/\/desarrollo.grupomedios.com\/futbol\/wp-json\/wp\/v2\/tags?post=492695"}],"curies":[{"name":"wp","href":"https:\/\/api.w.org\/{rel}","templated":true}]}}