{"id":492697,"date":"2017-08-07T19:32:23","date_gmt":"2017-08-08T00:32:23","guid":{"rendered":"https:\/\/www.futboltotal.com.mx\/?p=492697"},"modified":"2017-08-07T19:32:23","modified_gmt":"2017-08-08T00:32:23","slug":"juegos-chivas-femenil-seran-transmitidos-por-chivas-tv","status":"publish","type":"post","link":"http:\/\/desarrollo.grupomedios.com\/futbol\/destacado-home\/juegos-chivas-femenil-seran-transmitidos-por-chivas-tv\/2017\/08","title":{"rendered":"Juegos de Chivas Femenil ser\u00e1n transmitidos por Chivas TV"},"content":{"rendered":"<p><span style=\"color: #000000;\"><strong>Chivas Femenil<\/strong><\/span> cambiar\u00e1 de <strong>San Rafael<\/strong> a <strong>Verde Valle<\/strong>, lo que permitir\u00e1 que los juegos de local del \u2018Reba\u00f1o Sagrado\u2019 sean transmitidos por<strong><a href=\"https:\/\/www.futboltotal.com.mx\/2017\/05\/guadalajara-revela-precios-final-chivas-tv\/\" target=\"_blank\" rel=\"noopener noreferrer\"><span style=\"color: #333399;\"> Chivas TV<\/span><\/a>.<\/strong><\/p>\n<p style=\"text-align: center;\"><a href=\"https:\/\/www.futboltotal.com.mx\/2017\/08\/quinones-fue-operado-con-exito-y-es-duda-para-la-jornada-4\/\" target=\"_blank\" rel=\"noopener noreferrer\"><span style=\"color: #333399;\">VER M\u00c1S:\u00a0Qui\u00f1ones fue operado con \u00e9xito y es duda para la Jornada 4<\/span><\/a><\/p>\n<p>La infraestructura de las instalaciones del<em> Chiver\u00edo<\/em> permitir\u00e1 que se lleve a cabo la transmisi\u00f3n de los encuentros de la categor\u00eda femenil en la <a href=\"https:\/\/www.futboltotal.com.mx\/2017\/08\/estadios-primera-recibiran-cuatro-juegos-la-liga-mx-femenil\/\" target=\"_blank\" rel=\"noopener noreferrer\"><span style=\"color: #333399;\"><strong>Liga MX Femenil.<\/strong><\/span><\/a><\/p>\n<p style=\"text-align: center;\"><a href=\"https:\/\/www.futboltotal.com.mx\/2017\/08\/hackean-a-rosario-cota-o-le-tunde-con-todo-a-refuerzos-de-cruz-azul\/\" target=\"_blank\" rel=\"noopener noreferrer\"><span style=\"color: #333399;\">VER M\u00c1S:\u00a0\u00bfHackean a Rosario Cota? Porque le tundi\u00f3 a los refuerzo de Cruz Azul<\/span><\/a><\/p>\n<p>En lo que va del torneo las<em> Rojiblancas<\/em> suman tres unidades de nueve posibles y el pr\u00f3ximo s\u00e1bado enfrentar\u00e1n a las <em>Centellas<\/em> del <strong>Necaxa.<\/strong><\/p>\n<p>&nbsp;<\/p>\n<blockquote class=\"twitter-tweet\" data-lang=\"es\">\n<p dir=\"ltr\" lang=\"es\">\u00a1En <a href=\"https:\/\/twitter.com\/hashtag\/ChivasTV?src=hash\">#ChivasTV<\/a> 2.0 &#x1f4f2;&#x1f5a5;\ufe0f damos la bienvenida a <a href=\"https:\/\/twitter.com\/ChivasFemenil\">@ChivasFemenil<\/a>! Ahora tu suscripci\u00f3n incluye tambi\u00e9n los encuentros de nuestras Rojiblancas &#x1f1e6;&#x1f1f9;. <a href=\"https:\/\/t.co\/nRvs4s64JN\">pic.twitter.com\/nRvs4s64JN<\/a><\/p>\n<p>\u2014 ChivasTV (@chivastvmx) <a href=\"https:\/\/twitter.com\/chivastvmx\/status\/894685030399606784\">7 de agosto de 2017<\/a><\/p><\/blockquote>\n<p><script async src=\"\/\/platform.twitter.com\/widgets.js\" charset=\"utf-8\"><\/script><\/p>\n","protected":false},"excerpt":{"rendered":"<p>Chivas TV transmitir\u00e1 juegos de local de Chivas TV<\/p>\n","protected":false},"author":20,"featured_media":492701,"comment_status":"closed","ping_status":"closed","sticky":false,"template":"","format":"standard","meta":[],"categories":[5,2198,9628],"tags":[9666,7110,8026,2262],"_links":{"self":[{"href":"http:\/\/desarrollo.grupomedios.com\/futbol\/wp-json\/wp\/v2\/posts\/492697"}],"collection":[{"href":"http:\/\/desarrollo.grupomedios.com\/futbol\/wp-json\/wp\/v2\/posts"}],"about":[{"href":"http:\/\/desarrollo.grupomedios.com\/futbol\/wp-json\/wp\/v2\/types\/post"}],"author":[{"embeddable":true,"href":"http:\/\/desarrollo.grupomedios.com\/futbol\/wp-json\/wp\/v2\/users\/20"}],"replies":[{"embeddable":true,"href":"http:\/\/desarrollo.grupomedios.com\/futbol\/wp-json\/wp\/v2\/comments?post=492697"}],"version-history":[{"count":3,"href":"http:\/\/desarrollo.grupomedios.com\/futbol\/wp-json\/wp\/v2\/posts\/492697\/revisions"}],"predecessor-version":[{"id":492702,"href":"http:\/\/desarrollo.grupomedios.com\/futbol\/wp-json\/wp\/v2\/posts\/492697\/revisions\/492702"}],"wp:featuredmedia":[{"embeddable":true,"href":"http:\/\/desarrollo.grupomedios.com\/futbol\/wp-json\/wp\/v2\/media\/492701"}],"wp:attachment":[{"href":"http:\/\/desarrollo.grupomedios.com\/futbol\/wp-json\/wp\/v2\/media?parent=492697"}],"wp:term":[{"taxonomy":"category","embeddable":true,"href":"http:\/\/desarrollo.grupomedios.com\/futbol\/wp-json\/wp\/v2\/categories?post=492697"},{"taxonomy":"post_tag","embeddable":true,"href":"http:\/\/desarrollo.grupomedios.com\/futbol\/wp-json\/wp\/v2\/tags?post=492697"}],"curies":[{"name":"wp","href":"https:\/\/api.w.org\/{rel}","templated":true}]}}