{"id":492703,"date":"2017-08-07T19:55:35","date_gmt":"2017-08-08T00:55:35","guid":{"rendered":"https:\/\/www.futboltotal.com.mx\/?p=492703"},"modified":"2017-08-07T19:55:35","modified_gmt":"2017-08-08T00:55:35","slug":"fue-una-desgracia-con-suerte-lucero-alvarez","status":"publish","type":"post","link":"http:\/\/desarrollo.grupomedios.com\/futbol\/futbol-mexicano\/fue-una-desgracia-con-suerte-lucero-alvarez\/2017\/08","title":{"rendered":"&#8220;Fue una desgracia con suerte&#8221;: Lucero \u00c1lvarez"},"content":{"rendered":"<p>A m\u00e1s de una semana del choque que casi le cuesta el ojo a<a href=\"https:\/\/www.futboltotal.com.mx\/2017\/08\/portero-de-lobos-buap-operado-con-exito\/\" target=\"_blank\" rel=\"noopener noreferrer\"><span style=\"color: #333399;\"><strong> Lucero \u00c1lvarez<\/strong><\/span><\/a>, guardameta de<a href=\"https:\/\/www.futboltotal.com.mx\/2017\/08\/lobos-buap-pone-ultimatum-a-quinones\/\" target=\"_blank\" rel=\"noopener noreferrer\"><span style=\"color: #333399;\"><strong> Lobos BUAP<\/strong><\/span><\/a>, debido a una triple fractura en el p\u00f3mulo izquierdo, su rostro a\u00fan muestra los estragos de la batalla, adem\u00e1s de que no ha recuperado su visi\u00f3n al 100 por ciento.<\/p>\n<p>\u201cUna desgracia con suerte\u201d, as\u00ed catalog\u00f3 el cancerbero uruguayo lo ocurrido tras salir del hospital e ir a su primera terapia.<\/p>\n<p style=\"text-align: center;\"><a href=\"https:\/\/www.futboltotal.com.mx\/2017\/08\/juegos-chivas-femenil-seran-transmitidos-por-chivas-tv\/\" target=\"_blank\" rel=\"noopener noreferrer\"><span style=\"color: #333399;\">VER M\u00c1S:\u00a0Juegos de Chivas Femenil ser\u00e1n transmitidos por Chivas TV<\/span><\/a><\/p>\n<p>El guardameta charr\u00faa tuvo que picar piedra en la<a href=\"https:\/\/www.futboltotal.com.mx\/2017\/07\/ascenso-anuncia-que-6-equipos-pueden-subir-al-maximo-circuito\/\" target=\"_blank\" rel=\"noopener noreferrer\"><span style=\"color: #333399;\"><strong> Liga de Ascenso MX<\/strong><\/span><\/a> con <strong><a href=\"https:\/\/www.futboltotal.com.mx\/2017\/07\/resultados-leon-3-2-alebrijes-en-la-copa-mx\/\" target=\"_blank\" rel=\"noopener noreferrer\"><span style=\"color: #333399;\">Alebrijes de Oaxaca<\/span><\/a> <\/strong>para llegar a la <strong>Liga MX<\/strong>, donde actualmente milita en <a href=\"https:\/\/www.futboltotal.com.mx\/2017\/08\/lobos-buap-da-de-baja-a-william-palacios-tras-rina-en-un-bar\/\" target=\"_blank\" rel=\"noopener noreferrer\"><span style=\"color: #333399;\"><strong>Lobos BUAP<\/strong><\/span><\/a>, de eso habl\u00f3 <strong>\u00c1lvarez<\/strong> en entrevista con ESPN Digital.<\/p>\n<blockquote><p>\u201cDesde que llegu\u00e9 ac\u00e1 a M\u00e9xico siempre estuve convencido de que pod\u00eda jugar en Primera. Hoy est\u00e1 un poco opacado\u201d.<\/p><\/blockquote>\n<p style=\"text-align: center;\"><a href=\"https:\/\/www.futboltotal.com.mx\/2017\/08\/quinones-fue-operado-con-exito-y-es-duda-para-la-jornada-4\/\" target=\"_blank\" rel=\"noopener noreferrer\"><span style=\"color: #333399;\">VER M\u00c1S:\u00a0Qui\u00f1ones fue operado con \u00e9xito y es duda para la Jornada 4<\/span><\/a><\/p>\n<p>El arquero deber\u00e1 ir a rehabilitaci\u00f3n para que su p\u00f3mulo se recupere por completo y pueda volver a la actividad f\u00edsica dentro de 15 d\u00edas, posteriormente, su rehabilitaci\u00f3n tendr\u00e1 una duraci\u00f3n de 10 a 12 semanas, por lo que podr\u00e1 reaparecer para la parte final del <strong>Apertura 2017.<\/strong><\/p>\n<blockquote><p>\u201cEs un pasito para atr\u00e1s para tomar impulso, creo que es algo que tienes que aprender. Ahora estar quieto, estar mentalizado que cuando vuelva lo tengo que hacer de muy buena manera. Ojal\u00e1 est\u00e9 tranquilo y pierda el miedo que es lo fundamental en esto\u201d.<\/p>\n<p style=\"text-align: center;\"><a href=\"https:\/\/www.futboltotal.com.mx\/2017\/08\/hackean-a-rosario-cota-o-le-tunde-con-todo-a-refuerzos-de-cruz-azul\/\" target=\"_blank\" rel=\"noopener noreferrer\"><span style=\"color: #333399;\">VER M\u00c1S:\u00a0\u00bfHackean a Rosario Cota? Porque le tundi\u00f3 a los refuerzos de Cruz Azul<\/span><\/a><\/p>\n<\/blockquote>\n","protected":false},"excerpt":{"rendered":"<p>Lucero \u00c1lvarez podr\u00eda volver para el cierre del Apertura 2017<\/p>\n","protected":false},"author":20,"featured_media":492704,"comment_status":"closed","ping_status":"closed","sticky":false,"template":"","format":"standard","meta":[],"categories":[2198,3845],"tags":[431,9551],"_links":{"self":[{"href":"http:\/\/desarrollo.grupomedios.com\/futbol\/wp-json\/wp\/v2\/posts\/492703"}],"collection":[{"href":"http:\/\/desarrollo.grupomedios.com\/futbol\/wp-json\/wp\/v2\/posts"}],"about":[{"href":"http:\/\/desarrollo.grupomedios.com\/futbol\/wp-json\/wp\/v2\/types\/post"}],"author":[{"embeddable":true,"href":"http:\/\/desarrollo.grupomedios.com\/futbol\/wp-json\/wp\/v2\/users\/20"}],"replies":[{"embeddable":true,"href":"http:\/\/desarrollo.grupomedios.com\/futbol\/wp-json\/wp\/v2\/comments?post=492703"}],"version-history":[{"count":1,"href":"http:\/\/desarrollo.grupomedios.com\/futbol\/wp-json\/wp\/v2\/posts\/492703\/revisions"}],"predecessor-version":[{"id":492705,"href":"http:\/\/desarrollo.grupomedios.com\/futbol\/wp-json\/wp\/v2\/posts\/492703\/revisions\/492705"}],"wp:featuredmedia":[{"embeddable":true,"href":"http:\/\/desarrollo.grupomedios.com\/futbol\/wp-json\/wp\/v2\/media\/492704"}],"wp:attachment":[{"href":"http:\/\/desarrollo.grupomedios.com\/futbol\/wp-json\/wp\/v2\/media?parent=492703"}],"wp:term":[{"taxonomy":"category","embeddable":true,"href":"http:\/\/desarrollo.grupomedios.com\/futbol\/wp-json\/wp\/v2\/categories?post=492703"},{"taxonomy":"post_tag","embeddable":true,"href":"http:\/\/desarrollo.grupomedios.com\/futbol\/wp-json\/wp\/v2\/tags?post=492703"}],"curies":[{"name":"wp","href":"https:\/\/api.w.org\/{rel}","templated":true}]}}