{"id":492706,"date":"2017-08-07T20:15:54","date_gmt":"2017-08-08T01:15:54","guid":{"rendered":"https:\/\/www.futboltotal.com.mx\/?p=492706"},"modified":"2017-08-07T20:15:54","modified_gmt":"2017-08-08T01:15:54","slug":"regreso-de-marco-fabian-con-frankfurt-es-incierto","status":"publish","type":"post","link":"http:\/\/desarrollo.grupomedios.com\/futbol\/destacado-home\/regreso-de-marco-fabian-con-frankfurt-es-incierto\/2017\/08","title":{"rendered":"Regreso de Marco Fabi\u00e1n con el Frankurt es incierto"},"content":{"rendered":"<p>El t\u00e9cnico del <strong><a href=\"https:\/\/www.futboltotal.com.mx\/2017\/08\/bundesliga-presume-la-fiesta-mexicana-del-eintracht-frankfurt\/\" target=\"_blank\" rel=\"noopener noreferrer\"><span style=\"color: #333399;\">Eintracht Frankfurt<\/span><\/a>, <a href=\"https:\/\/www.futboltotal.com.mx\/2017\/04\/niko-kovac-impresionado-nivel-marco-fabian\/\" target=\"_blank\" rel=\"noopener noreferrer\"><span style=\"color: #333399;\">Niko Kovac<\/span><\/a><\/strong>, encendi\u00f3 las alarmas en el cuadro alem\u00e1n tras asegurar que <a href=\"https:\/\/www.futboltotal.com.mx\/2017\/08\/marco-fabian-es-ovacionado-en-ultimo-amistoso-del-eintracht\/\" target=\"_blank\" rel=\"noopener noreferrer\"><span style=\"color: #333399;\"><strong>Marco Fabi\u00e1n<\/strong><\/span><\/a> presenta molestias en la rodilla.<\/p>\n<blockquote><p>\u201cTiene dificultades con la rodilla, particip\u00f3 en dos sesiones de entrenamiento y luego empezaron los problemas\u201d.<\/p><\/blockquote>\n<p style=\"text-align: center;\"><a href=\"https:\/\/www.futboltotal.com.mx\/2017\/08\/fue-una-desgracia-con-suerte-lucero-alvarez\/\" target=\"_blank\" rel=\"noopener noreferrer\"><span style=\"color: #333399;\">VER M\u00c1S:\u00a0\u201cFue una desgracia con suerte\u201d: Lucero \u00c1lvarez<\/span><\/a><\/p>\n<p><strong>De la Mora<\/strong> se incorpor\u00f3 a los trabajos de las <em>\u00c1guilas Alemanas<\/em> hace un par de semanas, luego de sus compromisos con <strong>Selecci\u00f3n Mexicana<\/strong> en<a href=\"https:\/\/www.futboltotal.com.mx\/2017\/07\/juan-carlos-osorio-se-disculpo-incidente-en-confederaciones\/\" target=\"_blank\" rel=\"noopener noreferrer\"><span style=\"color: #333399;\"> <strong>Copa Confederaciones<\/strong><\/span><\/a>, por lo que el estratega descarta que sus molestias puedan venir de su participaci\u00f3n con el <em>Tricolor<\/em>.<\/p>\n<blockquote><p>\u201cNo tuvo problema en sus tres semanas con la selecci\u00f3n, o al menos no me inform\u00f3 de ellos. Tal vez ya ten\u00eda problemas, pero pas\u00f3, y ahora se da cuenta de que no es posible, no lo s\u00e9\u201d.<\/p><\/blockquote>\n<p style=\"text-align: center;\"><a href=\"https:\/\/www.futboltotal.com.mx\/2017\/08\/juegos-chivas-femenil-seran-transmitidos-por-chivas-tv\/\" target=\"_blank\" rel=\"noopener noreferrer\"><span style=\"color: #333399;\">VER M\u00c1S:\u00a0Juegos de Chivas Femenil ser\u00e1n transmitidos por Chivas TV<\/span><\/a><\/p>\n<p>Por su parte, el <em>Tri<\/em> descart\u00f3 que <strong>Fabi\u00e1n<\/strong> presentara problemas durante su participaci\u00f3n en la justa intercontinental. \u201cNo reflej\u00f3 ninguna molestia con nosotros\u201d.<\/p>\n<p>El <strong>Eintracht Frankfurt<\/strong> comenzar\u00e1 su actividad este fin de semana, cuando debute en la <strong>Copa<\/strong> ante el<strong> TuS Erndtebr\u00fcck<\/strong>, mientras que en dos semanas har\u00e1 lo propio en la <a href=\"https:\/\/www.futboltotal.com.mx\/2017\/08\/pavel-pardo-incluido-en-las-leyendas-de-la-bundesliga\/\" target=\"_blank\" rel=\"noopener noreferrer\"><span style=\"color: #333399;\"><strong>Bundesliga<\/strong><\/span><\/a> ante el <strong>Friburgo.<\/strong><\/p>\n<p style=\"text-align: center;\"><a href=\"https:\/\/www.futboltotal.com.mx\/2017\/08\/quinones-fue-operado-con-exito-y-es-duda-para-la-jornada-4\/\" target=\"_blank\" rel=\"noopener noreferrer\"><span style=\"color: #333399;\">VER M\u00c1S:\u00a0Qui\u00f1ones fue operado con \u00e9xito y es duda para la Jornada 4<\/span><\/a><\/p>\n","protected":false},"excerpt":{"rendered":"<p>Es incierto el regreso a las canchas de Marco Fabi\u00e1n con el Frankfurt<\/p>\n","protected":false},"author":20,"featured_media":454753,"comment_status":"closed","ping_status":"closed","sticky":false,"template":"","format":"standard","meta":[],"categories":[5,3839,6718],"tags":[119,3588,131,6871],"_links":{"self":[{"href":"http:\/\/desarrollo.grupomedios.com\/futbol\/wp-json\/wp\/v2\/posts\/492706"}],"collection":[{"href":"http:\/\/desarrollo.grupomedios.com\/futbol\/wp-json\/wp\/v2\/posts"}],"about":[{"href":"http:\/\/desarrollo.grupomedios.com\/futbol\/wp-json\/wp\/v2\/types\/post"}],"author":[{"embeddable":true,"href":"http:\/\/desarrollo.grupomedios.com\/futbol\/wp-json\/wp\/v2\/users\/20"}],"replies":[{"embeddable":true,"href":"http:\/\/desarrollo.grupomedios.com\/futbol\/wp-json\/wp\/v2\/comments?post=492706"}],"version-history":[{"count":1,"href":"http:\/\/desarrollo.grupomedios.com\/futbol\/wp-json\/wp\/v2\/posts\/492706\/revisions"}],"predecessor-version":[{"id":492707,"href":"http:\/\/desarrollo.grupomedios.com\/futbol\/wp-json\/wp\/v2\/posts\/492706\/revisions\/492707"}],"wp:featuredmedia":[{"embeddable":true,"href":"http:\/\/desarrollo.grupomedios.com\/futbol\/wp-json\/wp\/v2\/media\/454753"}],"wp:attachment":[{"href":"http:\/\/desarrollo.grupomedios.com\/futbol\/wp-json\/wp\/v2\/media?parent=492706"}],"wp:term":[{"taxonomy":"category","embeddable":true,"href":"http:\/\/desarrollo.grupomedios.com\/futbol\/wp-json\/wp\/v2\/categories?post=492706"},{"taxonomy":"post_tag","embeddable":true,"href":"http:\/\/desarrollo.grupomedios.com\/futbol\/wp-json\/wp\/v2\/tags?post=492706"}],"curies":[{"name":"wp","href":"https:\/\/api.w.org\/{rel}","templated":true}]}}