{"id":492713,"date":"2017-08-08T12:10:17","date_gmt":"2017-08-08T17:10:17","guid":{"rendered":"https:\/\/www.futboltotal.com.mx\/?p=492713"},"modified":"2017-08-08T23:03:18","modified_gmt":"2017-08-09T04:03:18","slug":"en-vivo-zacatepec-vs-tigres-copa-mx","status":"publish","type":"post","link":"http:\/\/desarrollo.grupomedios.com\/futbol\/futbol-mexicano\/en-vivo-zacatepec-vs-tigres-copa-mx\/2017\/08","title":{"rendered":"AS\u00cd SE VIVI\u00d3 | Zacatepec 2-1 Tigres | Copa MX"},"content":{"rendered":"<p>Este martes se llevar\u00e1 a cabo el duelo entre <strong>Zacatepec<\/strong> y <strong>Tigres<\/strong> por el <strong>Grupo 5<\/strong> de la<strong> Copa MX,<\/strong> en la cancha del <strong>Coruco D\u00edaz<\/strong>, en punto de las 19:00 horas.<\/p>\n<iframe src=\"https:\/\/en-vivo.futboltotal.com.mx\/embed.php\/?id=190\" width=\"100%\" id=\"frame_minuto\"><\/iframe>\n<p><strong>Atl\u00e9tico Zacatepec<\/strong> buscar\u00e1 su primer triunfo en la justa copera tras un arranque flojo, por lo que los morelenses tratar\u00e1n de sacar provecho de su condici\u00f3n de local para conseguir los tres puntos que lo catapulten al primer sector, ya que registra puros empates.<\/p>\n<p style=\"text-align: center;\"><a href=\"https:\/\/www.futboltotal.com.mx\/2017\/08\/regreso-de-marco-fabian-con-frankfurt-es-incierto\/\" target=\"_blank\" rel=\"noopener noreferrer\"><span style=\"color: #333399;\">VER M\u00c1S:\u00a0Regreso de Marco Fabi\u00e1n con el Frankurt es incierto<\/span><\/a><\/p>\n<p><strong>Tigres<\/strong>\u00a0por su parte, llegar\u00e1 a tierras morelenses con el objetivo de su primer triunfo, luego de haber empatado a 1-1 ante <em>La M\u00e1quina Celeste<\/em> de<strong> Cruz Azul<\/strong> en la<strong> Jornada 2<\/strong>, en la cancha del <em>Volc\u00e1n.<\/em><\/p>\n","protected":false},"excerpt":{"rendered":"<p>Mineros y Tigres buscar\u00e1n sus primeros tres puntos en la Copa MX<\/p>\n","protected":false},"author":20,"featured_media":492869,"comment_status":"closed","ping_status":"closed","sticky":false,"template":"","format":"standard","meta":[],"categories":[4247,2198],"tags":[285,2782,5973,1588],"_links":{"self":[{"href":"http:\/\/desarrollo.grupomedios.com\/futbol\/wp-json\/wp\/v2\/posts\/492713"}],"collection":[{"href":"http:\/\/desarrollo.grupomedios.com\/futbol\/wp-json\/wp\/v2\/posts"}],"about":[{"href":"http:\/\/desarrollo.grupomedios.com\/futbol\/wp-json\/wp\/v2\/types\/post"}],"author":[{"embeddable":true,"href":"http:\/\/desarrollo.grupomedios.com\/futbol\/wp-json\/wp\/v2\/users\/20"}],"replies":[{"embeddable":true,"href":"http:\/\/desarrollo.grupomedios.com\/futbol\/wp-json\/wp\/v2\/comments?post=492713"}],"version-history":[{"count":5,"href":"http:\/\/desarrollo.grupomedios.com\/futbol\/wp-json\/wp\/v2\/posts\/492713\/revisions"}],"predecessor-version":[{"id":492883,"href":"http:\/\/desarrollo.grupomedios.com\/futbol\/wp-json\/wp\/v2\/posts\/492713\/revisions\/492883"}],"wp:featuredmedia":[{"embeddable":true,"href":"http:\/\/desarrollo.grupomedios.com\/futbol\/wp-json\/wp\/v2\/media\/492869"}],"wp:attachment":[{"href":"http:\/\/desarrollo.grupomedios.com\/futbol\/wp-json\/wp\/v2\/media?parent=492713"}],"wp:term":[{"taxonomy":"category","embeddable":true,"href":"http:\/\/desarrollo.grupomedios.com\/futbol\/wp-json\/wp\/v2\/categories?post=492713"},{"taxonomy":"post_tag","embeddable":true,"href":"http:\/\/desarrollo.grupomedios.com\/futbol\/wp-json\/wp\/v2\/tags?post=492713"}],"curies":[{"name":"wp","href":"https:\/\/api.w.org\/{rel}","templated":true}]}}