{"id":492728,"date":"2017-08-08T09:19:57","date_gmt":"2017-08-08T14:19:57","guid":{"rendered":"https:\/\/www.futboltotal.com.mx\/?p=492728"},"modified":"2017-08-08T13:37:27","modified_gmt":"2017-08-08T18:37:27","slug":"carlos-vela-a-punto-dejar-a-real-sociedad-la-mls","status":"publish","type":"post","link":"http:\/\/desarrollo.grupomedios.com\/futbol\/futbol-internacional\/carlos-vela-a-punto-dejar-a-real-sociedad-la-mls\/2017\/08","title":{"rendered":"Carlos Vela, a punto de dejar a Real Sociedad por la MLS"},"content":{"rendered":"<p>Si hasta el momento hay algo seguro sobre el futuro inmediato del delantero mexicano <strong>Carlos Vela<\/strong> es que su contrato con la <strong>Real Sociedad<\/strong> no ser\u00e1 renovado y todo apunta a que el atacante continuar\u00e1 su carrera en la <strong>MLS<\/strong>, la Liga que parece ser el nuevo hogar de varios seleccionados aztecas.<\/p>\n<p>Desde Espa\u00f1a, medios como Mundo Deportivo han publicado que es un hecho que el <em>Bombardero<\/em> no extender\u00e1 su v\u00ednculo con el equipo <em>Txuri-urdin<\/em> y las pl\u00e1ticas que tanto el club vasco como el mexicano han tenido con la MLS dar\u00edan forma a un traspaso, el cual debe darse en un lapso no mayor a 48 horas.<\/p>\n<p>Y es que la liga estadounidense actualmente se encuentra por cerrar su periodo secundario de fichajes, el cual acaba este 9 de agosto. De no llegar a un acuerdo con Vela y la Real, el futbolista tendr\u00eda que esperar hasta febrero de 2018 para llegar a la MLS.<\/p>\n<p style=\"text-align: center;\"><a href=\"https:\/\/www.futboltotal.com.mx\/2017\/08\/nicolas-castillo-senala-ayuda-arbitral-america\/\" target=\"_blank\" rel=\"noopener noreferrer\"><span style=\"color: #333399;\">VER M\u00c1S: Nico Castillo asegur\u00f3 que el arbitraje ayud\u00f3 al Am\u00e9rica<\/span><\/a><\/p>\n<p>Las opciones para Vela en esta liga apuntan a dos equipos angelinos: <strong>Los Angeles FC<\/strong>, equipo de expansi\u00f3n que precisamente debutar\u00e1 en 2018, y <strong>LA Galaxy<\/strong>, club en el que se unir\u00eda a su compatriotas y amigos <strong>Giovani<\/strong> y <strong>Jonathan<\/strong> <strong>Dos<\/strong> <strong>Santos<\/strong>.<\/p>\n<p>La alternativa de que Carlos llegue a la MLS hasta febrero de 2018 no est\u00e1 del todo descartada, aunque lo que necesita\u00a0la Real Sociedad es al menos lograr un preacuerdo desde este periodo, para as\u00ed asegurar la venta del jugador y que no salga del club sin dejarle una ganancia por su partida.<\/p>\n<p>Vela suma ya seis temporadas con la Real, equipo al que lleg\u00f3 en 2011 cedido por el Arsenal a quien le compr\u00f3 su carta en 2012, brindando n\u00fameros y un rendimiento destacado\u00a0con los vascos: 72 goles en 233 partidos disputados.<\/p>\n<p style=\"text-align: center;\"><a href=\"https:\/\/www.futboltotal.com.mx\/2017\/08\/hackean-a-rosario-cota-o-le-tunde-con-todo-a-refuerzos-de-cruz-azul\/\" target=\"_blank\" rel=\"noopener noreferrer\"><span style=\"color: #333399;\">VER M\u00c1S: \u00bfHackean a Rosario Cota? Critic\u00f3 a refuerzos del Cruz Azul<\/span><\/a><\/p>\n","protected":false},"excerpt":{"rendered":"<p>El delantero mexicano no seguir\u00e1 con el club espa\u00f1ol y apunta a Estados Unidos.<\/p>\n","protected":false},"author":20,"featured_media":480471,"comment_status":"closed","ping_status":"closed","sticky":false,"template":"","format":"standard","meta":[],"categories":[7740,3839,3844,6718,9635],"tags":[6048,1098,8503,195,102],"_links":{"self":[{"href":"http:\/\/desarrollo.grupomedios.com\/futbol\/wp-json\/wp\/v2\/posts\/492728"}],"collection":[{"href":"http:\/\/desarrollo.grupomedios.com\/futbol\/wp-json\/wp\/v2\/posts"}],"about":[{"href":"http:\/\/desarrollo.grupomedios.com\/futbol\/wp-json\/wp\/v2\/types\/post"}],"author":[{"embeddable":true,"href":"http:\/\/desarrollo.grupomedios.com\/futbol\/wp-json\/wp\/v2\/users\/20"}],"replies":[{"embeddable":true,"href":"http:\/\/desarrollo.grupomedios.com\/futbol\/wp-json\/wp\/v2\/comments?post=492728"}],"version-history":[{"count":1,"href":"http:\/\/desarrollo.grupomedios.com\/futbol\/wp-json\/wp\/v2\/posts\/492728\/revisions"}],"predecessor-version":[{"id":492734,"href":"http:\/\/desarrollo.grupomedios.com\/futbol\/wp-json\/wp\/v2\/posts\/492728\/revisions\/492734"}],"wp:featuredmedia":[{"embeddable":true,"href":"http:\/\/desarrollo.grupomedios.com\/futbol\/wp-json\/wp\/v2\/media\/480471"}],"wp:attachment":[{"href":"http:\/\/desarrollo.grupomedios.com\/futbol\/wp-json\/wp\/v2\/media?parent=492728"}],"wp:term":[{"taxonomy":"category","embeddable":true,"href":"http:\/\/desarrollo.grupomedios.com\/futbol\/wp-json\/wp\/v2\/categories?post=492728"},{"taxonomy":"post_tag","embeddable":true,"href":"http:\/\/desarrollo.grupomedios.com\/futbol\/wp-json\/wp\/v2\/tags?post=492728"}],"curies":[{"name":"wp","href":"https:\/\/api.w.org\/{rel}","templated":true}]}}