{"id":492750,"date":"2017-08-08T11:35:36","date_gmt":"2017-08-08T16:35:36","guid":{"rendered":"https:\/\/www.futboltotal.com.mx\/?p=492750"},"modified":"2017-08-08T11:35:36","modified_gmt":"2017-08-08T16:35:36","slug":"la-volpe-llena-elogios-a-cecilio-dominguez","status":"publish","type":"post","link":"http:\/\/desarrollo.grupomedios.com\/futbol\/futbol-mexicano\/la-volpe-llena-elogios-a-cecilio-dominguez\/2017\/08","title":{"rendered":"La Volpe llena de elogios a Cecilio Dom\u00ednguez"},"content":{"rendered":"<p>El ex estratega de <strong>Am\u00e9rica<\/strong>, <strong>Ricardo La Volpe<\/strong>, llen\u00f3 de elogios a <strong>Cecilio Dom\u00ednguez<\/strong>, luego de tirar un penal a lo &#8216;panenka&#8217; en el partido ante <strong>Pumas<\/strong>.<\/p>\n<p>A trav\u00e9s de su cuenta de Twitter, La Volpe felicit\u00f3 al paraguayo por la frialdad que tuvo al cobrar el penal de esa manera ante los felinos.<\/p>\n<blockquote class=\"twitter-video\" data-lang=\"es\">\n<p dir=\"ltr\" lang=\"es\">NO TIENE MADRE Cecilio Dom\u00ednguez &#x1f1f5;&#x1f1fe; JUGADORAZO GOOLL\u26bd\ufe0fdel Am\u00e9rica de nuevo a lo panenka y ahora s\u00ed 2-1 <a href=\"https:\/\/twitter.com\/hashtag\/VamosAmerica?src=hash\">#VamosAmerica<\/a> <a href=\"https:\/\/t.co\/CUPauJ6IjS\">pic.twitter.com\/CUPauJ6IjS<\/a><\/p>\n<p>\u2014 90 Minut\u26bd\ufe0fs M\u00e9xico (@90MinutosMexico) <a href=\"https:\/\/twitter.com\/90MinutosMexico\/status\/894040862883229696\">6 de agosto de 2017<\/a><\/p><\/blockquote>\n<p><script async src=\"\/\/platform.twitter.com\/widgets.js\" charset=\"utf-8\"><\/script><\/p>\n<p style=\"text-align: center;\"><span style=\"color: #333399;\"><a style=\"color: #333399;\" href=\"https:\/\/www.futboltotal.com.mx\/2017\/08\/carlos-vela-a-punto-dejar-a-real-sociedad-la-mls\/\" target=\"_blank\" rel=\"noopener noreferrer\">VER M\u00c1S: Carlos Vela est\u00e1 a punto de llegar a la MLS<\/a><\/span><\/p>\n<p>Am\u00e9rica gan\u00f3 gracias a ese cobr\u00f3 de Dom\u00ednguez por marcador de 2-1 ante Pumas en el <strong>Cl\u00e1sico Capitalino<\/strong>.<\/p>\n<blockquote class=\"twitter-tweet\" data-lang=\"es\">\n<p dir=\"ltr\" lang=\"es\">Si vamos a destacar a alguien en esta jornada es a Cecilio Dom\u00ednguez, qu\u00e9 manera de tirar un penal con tanta frialdad. Lo felicito de verdad<\/p>\n<p>\u2014 Ricardo A La Volpe (@RicardoLaVolpeG) <a href=\"https:\/\/twitter.com\/RicardoLaVolpeG\/status\/894681674117664768\">7 de agosto de 2017<\/a><\/p><\/blockquote>\n<p><script async src=\"\/\/platform.twitter.com\/widgets.js\" charset=\"utf-8\"><\/script><\/p>\n<p style=\"text-align: center;\"><span style=\"color: #333399;\"><a style=\"color: #333399;\" href=\"https:\/\/www.futboltotal.com.mx\/2017\/08\/nicolas-castillo-senala-ayuda-arbitral-america\/\" target=\"_blank\" rel=\"noopener noreferrer\">VER M\u00c1S: Nicol\u00e1s Castillo se queja duramente del del arbitraje<\/a><\/span><\/p>\n","protected":false},"excerpt":{"rendered":"<p>El paraguayo anot\u00f3 un penal a lo &#8216;Panenka&#8217; ante Pumas<\/p>\n","protected":false},"author":20,"featured_media":492621,"comment_status":"closed","ping_status":"closed","sticky":false,"template":"","format":"standard","meta":[],"categories":[2198,3845],"tags":[5959,7881,74,767],"_links":{"self":[{"href":"http:\/\/desarrollo.grupomedios.com\/futbol\/wp-json\/wp\/v2\/posts\/492750"}],"collection":[{"href":"http:\/\/desarrollo.grupomedios.com\/futbol\/wp-json\/wp\/v2\/posts"}],"about":[{"href":"http:\/\/desarrollo.grupomedios.com\/futbol\/wp-json\/wp\/v2\/types\/post"}],"author":[{"embeddable":true,"href":"http:\/\/desarrollo.grupomedios.com\/futbol\/wp-json\/wp\/v2\/users\/20"}],"replies":[{"embeddable":true,"href":"http:\/\/desarrollo.grupomedios.com\/futbol\/wp-json\/wp\/v2\/comments?post=492750"}],"version-history":[{"count":1,"href":"http:\/\/desarrollo.grupomedios.com\/futbol\/wp-json\/wp\/v2\/posts\/492750\/revisions"}],"predecessor-version":[{"id":492751,"href":"http:\/\/desarrollo.grupomedios.com\/futbol\/wp-json\/wp\/v2\/posts\/492750\/revisions\/492751"}],"wp:featuredmedia":[{"embeddable":true,"href":"http:\/\/desarrollo.grupomedios.com\/futbol\/wp-json\/wp\/v2\/media\/492621"}],"wp:attachment":[{"href":"http:\/\/desarrollo.grupomedios.com\/futbol\/wp-json\/wp\/v2\/media?parent=492750"}],"wp:term":[{"taxonomy":"category","embeddable":true,"href":"http:\/\/desarrollo.grupomedios.com\/futbol\/wp-json\/wp\/v2\/categories?post=492750"},{"taxonomy":"post_tag","embeddable":true,"href":"http:\/\/desarrollo.grupomedios.com\/futbol\/wp-json\/wp\/v2\/tags?post=492750"}],"curies":[{"name":"wp","href":"https:\/\/api.w.org\/{rel}","templated":true}]}}