{"id":492762,"date":"2017-08-08T12:32:04","date_gmt":"2017-08-08T17:32:04","guid":{"rendered":"https:\/\/www.futboltotal.com.mx\/?p=492762"},"modified":"2017-08-08T12:32:04","modified_gmt":"2017-08-08T17:32:04","slug":"enrique-triverio-deja-al-toluca-ficha-racing","status":"publish","type":"post","link":"http:\/\/desarrollo.grupomedios.com\/futbol\/destacado-home\/enrique-triverio-deja-al-toluca-ficha-racing\/2017\/08","title":{"rendered":"Enrique Triverio deja al Toluca y ficha por Racing"},"content":{"rendered":"<p>Lo que era un secreto a voces ya es oficial. El delantero argentino <strong>Enrique Triverio<\/strong> ya no es m\u00e1s jugador del <strong>Toluca<\/strong>, terminando un ciclo de poco m\u00e1s de dos a\u00f1os en la Liga MX para volver a su pa\u00eds natal y jugar con el <strong>Racing de Avellaneda<\/strong>.<\/p>\n<p>As\u00ed lo inform\u00f3 el propio equipo choricero por medio de una publicaci\u00f3n en redes sociales, con el mensaje:\u00a0\u00a1Gracias por tu entrega, @kiketriverio! Nunca olvidaremos tus goles. \u00a1Buena suerte!<\/p>\n<p style=\"text-align: center;\"><a href=\"https:\/\/www.futboltotal.com.mx\/2017\/08\/fmf-abre-investigacion-contra-nicolas-castillo\/\" target=\"_blank\" rel=\"noopener noreferrer\"><span style=\"color: #333399;\">VER M\u00c1S: FMF abre investigaci\u00f3n contra Nico Castillo<\/span><\/a><\/p>\n<p>&nbsp;<\/p>\n<blockquote class=\"twitter-tweet\" data-lang=\"es\">\n<p dir=\"ltr\" lang=\"es\">\u00a1Gracias por tu entrega, <a href=\"https:\/\/twitter.com\/kiketriverio\">@kiketriverio<\/a>! Nunca olvidaremos tus goles. \u00a1Buena suerte! &#x1f1e6;&#x1f1f7;<a href=\"https:\/\/twitter.com\/hashtag\/SiempreDiablos?src=hash\">#SiempreDiablos<\/a> <a href=\"https:\/\/t.co\/qcd7fE7aSr\">pic.twitter.com\/qcd7fE7aSr<\/a><\/p>\n<p>\u2014 Toluca FC (@TolucaFC) <a href=\"https:\/\/twitter.com\/TolucaFC\/status\/894969176791633920\">8 de agosto de 2017<\/a><\/p><\/blockquote>\n<p><script async src=\"\/\/platform.twitter.com\/widgets.js\" charset=\"utf-8\"><\/script><\/p>\n<p>Desde hace algunas semanas ya se hablaba del inter\u00e9s de <em>La Academia<\/em> por fichar al goleador, pero la directiva de los <em>Diablos<\/em> y el mismo t\u00e9cnico <strong>Hern\u00e1n Cristante<\/strong> no confirmaron la informaci\u00f3n hasta hace algunos d\u00edas.<\/p>\n","protected":false},"excerpt":{"rendered":"<p>El goleador argentino cerr\u00f3 un ciclo de dos a\u00f1os con los Diablos.<\/p>\n","protected":false},"author":20,"featured_media":492765,"comment_status":"closed","ping_status":"closed","sticky":false,"template":"","format":"standard","meta":[],"categories":[5,7740,3839,2198,7495,3845],"tags":[5580,64,2008,5975],"_links":{"self":[{"href":"http:\/\/desarrollo.grupomedios.com\/futbol\/wp-json\/wp\/v2\/posts\/492762"}],"collection":[{"href":"http:\/\/desarrollo.grupomedios.com\/futbol\/wp-json\/wp\/v2\/posts"}],"about":[{"href":"http:\/\/desarrollo.grupomedios.com\/futbol\/wp-json\/wp\/v2\/types\/post"}],"author":[{"embeddable":true,"href":"http:\/\/desarrollo.grupomedios.com\/futbol\/wp-json\/wp\/v2\/users\/20"}],"replies":[{"embeddable":true,"href":"http:\/\/desarrollo.grupomedios.com\/futbol\/wp-json\/wp\/v2\/comments?post=492762"}],"version-history":[{"count":1,"href":"http:\/\/desarrollo.grupomedios.com\/futbol\/wp-json\/wp\/v2\/posts\/492762\/revisions"}],"predecessor-version":[{"id":492767,"href":"http:\/\/desarrollo.grupomedios.com\/futbol\/wp-json\/wp\/v2\/posts\/492762\/revisions\/492767"}],"wp:featuredmedia":[{"embeddable":true,"href":"http:\/\/desarrollo.grupomedios.com\/futbol\/wp-json\/wp\/v2\/media\/492765"}],"wp:attachment":[{"href":"http:\/\/desarrollo.grupomedios.com\/futbol\/wp-json\/wp\/v2\/media?parent=492762"}],"wp:term":[{"taxonomy":"category","embeddable":true,"href":"http:\/\/desarrollo.grupomedios.com\/futbol\/wp-json\/wp\/v2\/categories?post=492762"},{"taxonomy":"post_tag","embeddable":true,"href":"http:\/\/desarrollo.grupomedios.com\/futbol\/wp-json\/wp\/v2\/tags?post=492762"}],"curies":[{"name":"wp","href":"https:\/\/api.w.org\/{rel}","templated":true}]}}