{"id":492778,"date":"2017-08-08T14:34:26","date_gmt":"2017-08-08T19:34:26","guid":{"rendered":"https:\/\/www.futboltotal.com.mx\/?p=492778"},"modified":"2017-08-08T14:34:26","modified_gmt":"2017-08-08T19:34:26","slug":"julian-quinones-fue-saco-cuchillo-william-palacios","status":"publish","type":"post","link":"http:\/\/desarrollo.grupomedios.com\/futbol\/futbol-mexicano\/julian-quinones-fue-saco-cuchillo-william-palacios\/2017\/08","title":{"rendered":"Juli\u00e1n Qui\u00f1ones fue quien sac\u00f3 el cuchillo: William Palacios"},"content":{"rendered":"<p>El exjugador de <strong>Lobos BUAP<\/strong>, <strong>William Palacios<\/strong>, se defendi\u00f3 de todas las acusaciones que han hecho en su contra, y afirm\u00f3 que hubo una ri\u00f1a con <strong>Juli\u00e1n Qui\u00f1ones<\/strong>, pero quien sac\u00f3 el cuchillo fue el delantero.<\/p>\n<p>En entrevista con ESPN, Palacios afirm\u00f3 que despu\u00e9s del triunfo contra Pachuca, el t\u00e9cnico Rafael Puente Jr. les dio la noche libre, por lo que cada quien sali\u00f3 con sus respectivos amigos.<\/p>\n<p style=\"text-align: center;\"><span style=\"color: #333399;\"><a style=\"color: #333399;\" href=\"https:\/\/www.futboltotal.com.mx\/2017\/08\/william-palacios-ya-habia-sido-expulsado-indisciplina-en-colombia\/\" target=\"_blank\" rel=\"noopener noreferrer\">VER M\u00c1S: <span class=\"item-title\">William Palacios ya hab\u00eda sido expulsado por indisciplina en Colombia<\/span><\/a><\/span><\/p>\n<p>Posteriormente, Palacios narr\u00f3 que &#8220;yo sal\u00ed con mis amigos, y cuando terminamos pas\u00e9 a casa de Juli\u00e1n, donde estuve un ratito y posteriomente me fui a mi casa, eran como las 4 de la ma\u00f1ana. (Qui\u00f1ones) me sigui\u00f3 a la casa, est\u00e1bamos tomados, pero bien; sin embargo, hubo un conflicto en el cual los dos nos enojamos, yo le solt\u00e9 un pu\u00f1etazo y \u00e9l sac\u00f3 su cuchillo para defenderse&#8221;.<\/p>\n<p>El ex mediocampista de la BUAP se\u00f1al\u00f3 que &#8220;los dos forcejeamos y \u00e9l se cort\u00f3 un par de dedos. Me extra\u00f1a que haya sido yo el que haya sido separado del equipo&#8221;.<\/p>\n<p style=\"text-align: center;\"><span style=\"color: #333399;\"><a style=\"color: #333399;\" href=\"https:\/\/www.futboltotal.com.mx\/2017\/08\/william-palacios-golpeado-esposa-durante-pelea\/\" target=\"_blank\" rel=\"noopener noreferrer\">VER M\u00c1S: <span class=\"item-title\">William Palacios habr\u00eda golpeado a su esposa durante pelea<\/span><\/a><\/span><\/p>\n<p>Sobre las versiones que han surgido sobre el hecho de que golpe\u00f3 a su esposa y que todo fue en un bar, Palacios sentenci\u00f3 que todo eso es mentira, que lo \u00fanico que buscan es manchar su imagen y no lo va a permitir.<\/p>\n","protected":false},"excerpt":{"rendered":"<p>La novela en Lobos BUAP continua, y el mediocampista pide que no manchen su nombre<\/p>\n","protected":false},"author":20,"featured_media":492788,"comment_status":"closed","ping_status":"closed","sticky":false,"template":"","format":"standard","meta":[],"categories":[2198,3845],"tags":[9642,431,9641],"_links":{"self":[{"href":"http:\/\/desarrollo.grupomedios.com\/futbol\/wp-json\/wp\/v2\/posts\/492778"}],"collection":[{"href":"http:\/\/desarrollo.grupomedios.com\/futbol\/wp-json\/wp\/v2\/posts"}],"about":[{"href":"http:\/\/desarrollo.grupomedios.com\/futbol\/wp-json\/wp\/v2\/types\/post"}],"author":[{"embeddable":true,"href":"http:\/\/desarrollo.grupomedios.com\/futbol\/wp-json\/wp\/v2\/users\/20"}],"replies":[{"embeddable":true,"href":"http:\/\/desarrollo.grupomedios.com\/futbol\/wp-json\/wp\/v2\/comments?post=492778"}],"version-history":[{"count":1,"href":"http:\/\/desarrollo.grupomedios.com\/futbol\/wp-json\/wp\/v2\/posts\/492778\/revisions"}],"predecessor-version":[{"id":492789,"href":"http:\/\/desarrollo.grupomedios.com\/futbol\/wp-json\/wp\/v2\/posts\/492778\/revisions\/492789"}],"wp:featuredmedia":[{"embeddable":true,"href":"http:\/\/desarrollo.grupomedios.com\/futbol\/wp-json\/wp\/v2\/media\/492788"}],"wp:attachment":[{"href":"http:\/\/desarrollo.grupomedios.com\/futbol\/wp-json\/wp\/v2\/media?parent=492778"}],"wp:term":[{"taxonomy":"category","embeddable":true,"href":"http:\/\/desarrollo.grupomedios.com\/futbol\/wp-json\/wp\/v2\/categories?post=492778"},{"taxonomy":"post_tag","embeddable":true,"href":"http:\/\/desarrollo.grupomedios.com\/futbol\/wp-json\/wp\/v2\/tags?post=492778"}],"curies":[{"name":"wp","href":"https:\/\/api.w.org\/{rel}","templated":true}]}}