{"id":492779,"date":"2017-08-08T14:13:16","date_gmt":"2017-08-08T19:13:16","guid":{"rendered":"https:\/\/www.futboltotal.com.mx\/?p=492779"},"modified":"2017-08-08T14:13:16","modified_gmt":"2017-08-08T19:13:16","slug":"real-sociedad-quiere-seguir-disfrutando-carlos-vela","status":"publish","type":"post","link":"http:\/\/desarrollo.grupomedios.com\/futbol\/futbol-internacional\/real-sociedad-quiere-seguir-disfrutando-carlos-vela\/2017\/08","title":{"rendered":"Real Sociedad quiere &#8216;seguir disfrutando&#8217; con Carlos Vela"},"content":{"rendered":"<p>La <strong>Real Sociedad<\/strong> envi\u00f3 un emotivo mensaje a <strong>Carlos Vela<\/strong> a trav\u00e9s de un video, luego que se diera a conocer su partida a la <strong>MLS<\/strong>.<\/p>\n<p style=\"text-align: center;\"><span style=\"color: #333399;\"><a style=\"color: #333399;\" href=\"https:\/\/www.futboltotal.com.mx\/2017\/08\/enrique-triverio-deja-al-toluca-ficha-racing\/\" target=\"_blank\" rel=\"noopener noreferrer\">VER M\u00c1S: Enrique Triverio deja de ser jugador de Toluca<\/a><\/span><\/p>\n<p>El conjunto de <strong>San Sebasti\u00e1n<\/strong> lanz\u00f3 el mensaje a trav\u00e9s de Twitter; &#8220;Hemos vivido momentos muy especiales juntos. Y todav\u00eda queremos seguir disfrutando contigo Carlos Vela&#8221;.<\/p>\n<p>Hemos vivido momentos muy especiales juntos. Y todav\u00eda queremos seguir disfrutando contigo <a href=\"https:\/\/twitter.com\/11carlosV\">@11CarlosV<\/a> &#x1f499;\u26bd&#x1f499; <a href=\"https:\/\/t.co\/IF5YvsDRM5\">pic.twitter.com\/IF5YvsDRM5<\/a><\/p>\n<blockquote class=\"twitter-video\" data-lang=\"es\"><p>\u2014 Real Sociedad F\u00fatbol (@RealSociedad) <a href=\"https:\/\/twitter.com\/RealSociedad\/status\/894989102046617600\">8 de agosto de 2017<\/a><\/p><\/blockquote>\n<p><script async src=\"\/\/platform.twitter.com\/widgets.js\" charset=\"utf-8\"><\/script><\/p>\n<p>La Real Sociedad dio a conocer que lleg\u00f3 a un acuerdo con la <strong>MLS<\/strong> para traspasar a Carlos Vela en enero del pr\u00f3ximo a\u00f1o.<\/p>\n<p style=\"text-align: center;\"><span style=\"color: #333399;\"><a style=\"color: #333399;\" href=\"https:\/\/www.futboltotal.com.mx\/2017\/08\/fmf-abre-investigacion-contra-nicolas-castillo\/\" target=\"_blank\" rel=\"noopener noreferrer\">VER M\u00c1S: Nico Castillo es investigado por hablar del arbitraje<\/a><\/span><\/p>\n<p>&nbsp;<\/p>\n","protected":false},"excerpt":{"rendered":"<p>El delantero se marchar\u00e1<\/p>\n","protected":false},"author":20,"featured_media":474711,"comment_status":"closed","ping_status":"closed","sticky":false,"template":"","format":"standard","meta":[],"categories":[3839],"tags":[6048,195,102],"_links":{"self":[{"href":"http:\/\/desarrollo.grupomedios.com\/futbol\/wp-json\/wp\/v2\/posts\/492779"}],"collection":[{"href":"http:\/\/desarrollo.grupomedios.com\/futbol\/wp-json\/wp\/v2\/posts"}],"about":[{"href":"http:\/\/desarrollo.grupomedios.com\/futbol\/wp-json\/wp\/v2\/types\/post"}],"author":[{"embeddable":true,"href":"http:\/\/desarrollo.grupomedios.com\/futbol\/wp-json\/wp\/v2\/users\/20"}],"replies":[{"embeddable":true,"href":"http:\/\/desarrollo.grupomedios.com\/futbol\/wp-json\/wp\/v2\/comments?post=492779"}],"version-history":[{"count":1,"href":"http:\/\/desarrollo.grupomedios.com\/futbol\/wp-json\/wp\/v2\/posts\/492779\/revisions"}],"predecessor-version":[{"id":492783,"href":"http:\/\/desarrollo.grupomedios.com\/futbol\/wp-json\/wp\/v2\/posts\/492779\/revisions\/492783"}],"wp:featuredmedia":[{"embeddable":true,"href":"http:\/\/desarrollo.grupomedios.com\/futbol\/wp-json\/wp\/v2\/media\/474711"}],"wp:attachment":[{"href":"http:\/\/desarrollo.grupomedios.com\/futbol\/wp-json\/wp\/v2\/media?parent=492779"}],"wp:term":[{"taxonomy":"category","embeddable":true,"href":"http:\/\/desarrollo.grupomedios.com\/futbol\/wp-json\/wp\/v2\/categories?post=492779"},{"taxonomy":"post_tag","embeddable":true,"href":"http:\/\/desarrollo.grupomedios.com\/futbol\/wp-json\/wp\/v2\/tags?post=492779"}],"curies":[{"name":"wp","href":"https:\/\/api.w.org\/{rel}","templated":true}]}}