{"id":492784,"date":"2017-08-08T14:31:13","date_gmt":"2017-08-08T19:31:13","guid":{"rendered":"https:\/\/www.futboltotal.com.mx\/?p=492784"},"modified":"2017-08-08T14:32:05","modified_gmt":"2017-08-08T19:32:05","slug":"hector-moreno-la-roma-recibiran-al-chapecoense-en-amistoso","status":"publish","type":"post","link":"http:\/\/desarrollo.grupomedios.com\/futbol\/futbol-internacional\/hector-moreno-la-roma-recibiran-al-chapecoense-en-amistoso\/2017\/08","title":{"rendered":"H\u00e9ctor Moreno y la Roma recibir\u00e1n al Chapecoense en amistoso"},"content":{"rendered":"<p>La <strong>Roma<\/strong> anunci\u00f3 este martes que disputar\u00e1 un amistoso contra el <strong>Chapecoense<\/strong> el pr\u00f3ximo 1 septiembre en el Estadio Ol\u00edmpico de la capital italiana, cuyos ingresos ser\u00e1n enteramente donados al club brasile\u00f1o afectado por la tragedia a\u00e9rea del 28 noviembre 2016.<\/p>\n<p>El encuentro, organizado por el <strong>Roma<\/strong> en colaboraci\u00f3n con el Pontificio Consejo para la Cultura, el Comit\u00e9 Ol\u00edmpico Italiano (CONI) y el ayuntamiento capitalino, fue promovido por el club con el lema &#8220;Todos Juntos&#8221;, para apoyar al <strong>Chapecoense<\/strong>.<\/p>\n<p style=\"text-align: center;\"><span style=\"color: #3366ff;\"><a style=\"color: #3366ff;\" href=\"https:\/\/www.futboltotal.com.mx\/2017\/08\/oficial-carlos-vela-se-marcha-a-la-mls\/\">VER M\u00c1S: OFICIAL: Carlos Vela se marcha a la MLS<\/a><\/span><\/p>\n<p>https:\/\/twitter.com\/ASRomaEspanol\/status\/894978517309542400<\/p>\n<p>El Roma decidi\u00f3 celebrar este amistoso &#8220;a casi un a\u00f1o de distancia del accidente a\u00e9reo que provoc\u00f3 la muerte de la casi totalidad de la plantilla y del cuerpo t\u00e9cnico del conjunto brasile\u00f1o&#8221;, se lee en el comunicado de la entidad capitalina.<\/p>\n<p>La tragedia se produjo el 28 de noviembre de 2016 en proximidad de la ciudad colombiana de Medell\u00edn, donde los brasile\u00f1os iban a disputar la final de ida de la Copa Sudamericana, y provoc\u00f3 la muerte de 71 de las 77 personas que estaban a bordo del avi\u00f3n.<\/p>\n<p style=\"text-align: center;\"><span style=\"color: #3366ff;\"><a style=\"color: #3366ff;\" href=\"https:\/\/www.futboltotal.com.mx\/2017\/08\/real-sociedad-quiere-seguir-disfrutando-carlos-vela\/\">VER M\u00c1S: Real Sociedad quiere \u2018seguir disfrutando\u2019 con Carlos Vela<\/a><\/span><\/p>\n<p>Despu\u00e9s de ese dram\u00e1tico accidente, el Chapecoense, completamente refundado, volvi\u00f3 a las competiciones oficiales y conquist\u00f3 este a\u00f1o el t\u00edtulo del Campeonato Catarinense.<\/p>\n<p>Adem\u00e1s, en este momento, los brasile\u00f1os ocupan la decimotercera plaza en el Campeonato nacional. EFE<\/p>\n","protected":false},"excerpt":{"rendered":"<p>El partido ser\u00e1 ben\u00e9fico para el club brasile\u00f1o.<\/p>\n","protected":false},"author":144,"featured_media":489265,"comment_status":"closed","ping_status":"closed","sticky":false,"template":"","format":"standard","meta":[],"categories":[3839],"tags":[7668,6214,5987,320],"_links":{"self":[{"href":"http:\/\/desarrollo.grupomedios.com\/futbol\/wp-json\/wp\/v2\/posts\/492784"}],"collection":[{"href":"http:\/\/desarrollo.grupomedios.com\/futbol\/wp-json\/wp\/v2\/posts"}],"about":[{"href":"http:\/\/desarrollo.grupomedios.com\/futbol\/wp-json\/wp\/v2\/types\/post"}],"author":[{"embeddable":true,"href":"http:\/\/desarrollo.grupomedios.com\/futbol\/wp-json\/wp\/v2\/users\/144"}],"replies":[{"embeddable":true,"href":"http:\/\/desarrollo.grupomedios.com\/futbol\/wp-json\/wp\/v2\/comments?post=492784"}],"version-history":[{"count":2,"href":"http:\/\/desarrollo.grupomedios.com\/futbol\/wp-json\/wp\/v2\/posts\/492784\/revisions"}],"predecessor-version":[{"id":492787,"href":"http:\/\/desarrollo.grupomedios.com\/futbol\/wp-json\/wp\/v2\/posts\/492784\/revisions\/492787"}],"wp:featuredmedia":[{"embeddable":true,"href":"http:\/\/desarrollo.grupomedios.com\/futbol\/wp-json\/wp\/v2\/media\/489265"}],"wp:attachment":[{"href":"http:\/\/desarrollo.grupomedios.com\/futbol\/wp-json\/wp\/v2\/media?parent=492784"}],"wp:term":[{"taxonomy":"category","embeddable":true,"href":"http:\/\/desarrollo.grupomedios.com\/futbol\/wp-json\/wp\/v2\/categories?post=492784"},{"taxonomy":"post_tag","embeddable":true,"href":"http:\/\/desarrollo.grupomedios.com\/futbol\/wp-json\/wp\/v2\/tags?post=492784"}],"curies":[{"name":"wp","href":"https:\/\/api.w.org\/{rel}","templated":true}]}}