{"id":492785,"date":"2017-08-08T14:41:08","date_gmt":"2017-08-08T19:41:08","guid":{"rendered":"https:\/\/www.futboltotal.com.mx\/?p=492785"},"modified":"2017-08-08T14:41:08","modified_gmt":"2017-08-08T19:41:08","slug":"carlos-vela-dedica-emotiva-carta-a-real-sociedad-aficion","status":"publish","type":"post","link":"http:\/\/desarrollo.grupomedios.com\/futbol\/futbol-internacional\/carlos-vela-dedica-emotiva-carta-a-real-sociedad-aficion\/2017\/08","title":{"rendered":"Carlos Vela dedica emotiva carta a Real Sociedad y su afici\u00f3n"},"content":{"rendered":"<p>Luego de que la <a href=\"https:\/\/www.futboltotal.com.mx\/2017\/08\/oficial-carlos-vela-se-marcha-a-la-mls\/\" target=\"_blank\" rel=\"noopener noreferrer\"><span style=\"color: #333399;\"><strong>Real Sociedad<\/strong> confirmara que ha llegado a un acuerdo con la <strong>MLS<\/strong> para vender al delantero mexicano <strong>Carlos Vela<\/strong><\/span><\/a>, el <em>Bombardero<\/em> no ha tardado en publicar una carta en redes sociales donde manifiesta el agradecimiento por el equipo vasco, en el que ha jugado los \u00faltimos seis a\u00f1os.<\/p>\n<p><strong>Vela<\/strong> us\u00f3 las redes sociales para\u00a0expresar el cari\u00f1o que tiene por los <em>Txuri-urdin<\/em>, destacando a todos los colaboradores de la Real, incluyendo a directivos como el presidente <strong>Jokin Aperribay<\/strong>, sin olvidar a los cuerpos t\u00e9cnicos y jugadores con los que ha compartido vestidor.<\/p>\n<p style=\"text-align: center;\"><a href=\"https:\/\/www.futboltotal.com.mx\/2017\/08\/enrique-triverio-deja-al-toluca-ficha-racing\/\" target=\"_blank\" rel=\"noopener noreferrer\"><span style=\"color: #333399;\">VER M\u00c1S: Enrique Triverio deja al Toluca y ficha por el Racing<\/span><\/a><\/p>\n<p>El ariete mexicano no olvid\u00f3 a su familia, que siempre lo ha apoyado en toda decisi\u00f3n, adem\u00e1s de asegurar que <a href=\"https:\/\/www.futboltotal.com.mx\/2017\/08\/real-sociedad-quiere-seguir-disfrutando-carlos-vela\/\" target=\"_blank\" rel=\"noopener noreferrer\"><span style=\"color: #333399;\">los seis meses que le restan como futbolista de la <strong>Real Sociedad<\/strong><\/span><\/a> entreg\u00e1ndose totalmente en favor de los objetivos del club.<\/p>\n<p><a href=\"https:\/\/www.futboltotal.com.mx\/wp-content\/uploads\/2017\/08\/DGuwIXOXYAAHGYz.jpg\"><img decoding=\"async\" loading=\"lazy\" class=\"aligncenter size-full wp-image-492790\" src=\"https:\/\/www.futboltotal.com.mx\/wp-content\/uploads\/2017\/08\/DGuwIXOXYAAHGYz.jpg\" alt=\"Carlos Vela dedica emotiva carta a Real Sociedad y su afici\u00f3n 0\" srcset=\"http:\/\/desarrollo.grupomedios.com\/futbol\/wp-content\/uploads\/2017\/08\/DGuwIXOXYAAHGYz.jpg 750w, http:\/\/desarrollo.grupomedios.com\/futbol\/wp-content\/uploads\/2017\/08\/DGuwIXOXYAAHGYz-266x300.jpg 266w\" sizes=\"(max-width: 750px) 100vw, 750px\" \/><\/a><\/p>\n","protected":false},"excerpt":{"rendered":"<p>El mexicano ha vivido seis grandes a\u00f1os con el equipo vasco.<\/p>\n","protected":false},"author":20,"featured_media":485701,"comment_status":"closed","ping_status":"closed","sticky":false,"template":"","format":"standard","meta":[],"categories":[7740,3839,3844],"tags":[6048,102],"_links":{"self":[{"href":"http:\/\/desarrollo.grupomedios.com\/futbol\/wp-json\/wp\/v2\/posts\/492785"}],"collection":[{"href":"http:\/\/desarrollo.grupomedios.com\/futbol\/wp-json\/wp\/v2\/posts"}],"about":[{"href":"http:\/\/desarrollo.grupomedios.com\/futbol\/wp-json\/wp\/v2\/types\/post"}],"author":[{"embeddable":true,"href":"http:\/\/desarrollo.grupomedios.com\/futbol\/wp-json\/wp\/v2\/users\/20"}],"replies":[{"embeddable":true,"href":"http:\/\/desarrollo.grupomedios.com\/futbol\/wp-json\/wp\/v2\/comments?post=492785"}],"version-history":[{"count":1,"href":"http:\/\/desarrollo.grupomedios.com\/futbol\/wp-json\/wp\/v2\/posts\/492785\/revisions"}],"predecessor-version":[{"id":492792,"href":"http:\/\/desarrollo.grupomedios.com\/futbol\/wp-json\/wp\/v2\/posts\/492785\/revisions\/492792"}],"wp:featuredmedia":[{"embeddable":true,"href":"http:\/\/desarrollo.grupomedios.com\/futbol\/wp-json\/wp\/v2\/media\/485701"}],"wp:attachment":[{"href":"http:\/\/desarrollo.grupomedios.com\/futbol\/wp-json\/wp\/v2\/media?parent=492785"}],"wp:term":[{"taxonomy":"category","embeddable":true,"href":"http:\/\/desarrollo.grupomedios.com\/futbol\/wp-json\/wp\/v2\/categories?post=492785"},{"taxonomy":"post_tag","embeddable":true,"href":"http:\/\/desarrollo.grupomedios.com\/futbol\/wp-json\/wp\/v2\/tags?post=492785"}],"curies":[{"name":"wp","href":"https:\/\/api.w.org\/{rel}","templated":true}]}}