{"id":492797,"date":"2017-08-08T15:21:20","date_gmt":"2017-08-08T20:21:20","guid":{"rendered":"https:\/\/www.futboltotal.com.mx\/?p=492797"},"modified":"2017-08-08T15:21:20","modified_gmt":"2017-08-08T20:21:20","slug":"ronaldinho-perdio-la-alegria-de-trabajar-vucetich","status":"publish","type":"post","link":"http:\/\/desarrollo.grupomedios.com\/futbol\/futbol-mexicano\/ronaldinho-perdio-la-alegria-de-trabajar-vucetich\/2017\/08","title":{"rendered":"&#8220;Ronaldinho perdi\u00f3 la alegr\u00eda de trabajar&#8221;: Vucetich"},"content":{"rendered":"<p>El t\u00e9cnico mexicano, <a href=\"https:\/\/www.futboltotal.com.mx\/2017\/06\/vucetich-bailo-a-ritmo-de-regueton\/\" target=\"_blank\" rel=\"noopener noreferrer\"><span style=\"color: #333399;\"><strong>V\u00edctor Manuel Vucetich<\/strong><\/span><\/a>, asegur\u00f3 que durante el tiempo que dirigi\u00f3 a <strong><a href=\"https:\/\/www.futboltotal.com.mx\/2017\/07\/ronaldinho-deleito-a-honduras-en-partido-la-paz\/\" target=\"_blank\" rel=\"noopener noreferrer\"><span style=\"color: #333399;\">Ronaldinho Gaucho<\/span><\/a>\u00a0<\/strong>en <em>Gallos Blancos<\/em> del <a href=\"https:\/\/www.futboltotal.com.mx\/2017\/07\/tito-villa-causara-baja-con-queretaro-por-lesion\/\" target=\"_blank\" rel=\"noopener noreferrer\"><span style=\"color: #333399;\"><strong>Quer\u00e9taro<\/strong>,<\/span><\/a> se dio cuenta que le faltaron ganas de trabajar y por eso no brill\u00f3 en el futbol mexicano.<\/p>\n<p style=\"text-align: center;\"><a href=\"https:\/\/www.futboltotal.com.mx\/2017\/08\/resbalon-cristiano-ronaldo-la-supercopa-europa\/\" target=\"_blank\" rel=\"noopener noreferrer\"><span style=\"color: #333399;\">VER M\u00c1S:\u00a0El \u2018resbal\u00f3n\u2019 de Cristiano Ronaldo antes de la Supercopa Europa<\/span><\/a><\/p>\n<p>\u201cRonaldinho es un jugador extraordinario. Fue el mejor jugador del mundo y eso nadie lo puede negar. Pero creo que ya perdi\u00f3 el gusto y en el futbol si no trabajas, si no est\u00e1s bien f\u00edsicamente dif\u00edcilmente puede dar los resultados que se pretenden\u201d, dijo el <em>Rey Midas<\/em> en entrevista para ESPN.<\/p>\n<p style=\"text-align: center;\"><a href=\"https:\/\/www.futboltotal.com.mx\/2017\/08\/carlos-vela-dedica-emotiva-carta-a-real-sociedad-aficion\/\" target=\"_blank\" rel=\"noopener noreferrer\"><span style=\"color: #333399;\">VER M\u00c1S:\u00a0Carlos Vela dedica emotiva carta a Real Sociedad y su afici\u00f3n<\/span><\/a><\/p>\n<p>\u201cYo creo que Ronaldinho perdi\u00f3 la alegr\u00eda de trabajar e incluso en los diferentes equipos anteriores en los que ha estado vivi\u00f3 la misma circunstancia\u201d.<\/p>\n","protected":false},"excerpt":{"rendered":"<p>\u00bfSer\u00e1 que por eso no brill\u00f3 Ronaldinho en M\u00e9xico?<\/p>\n","protected":false},"author":20,"featured_media":492802,"comment_status":"closed","ping_status":"closed","sticky":false,"template":"","format":"standard","meta":[],"categories":[2198,3845],"tags":[590,5970,5997,3574],"_links":{"self":[{"href":"http:\/\/desarrollo.grupomedios.com\/futbol\/wp-json\/wp\/v2\/posts\/492797"}],"collection":[{"href":"http:\/\/desarrollo.grupomedios.com\/futbol\/wp-json\/wp\/v2\/posts"}],"about":[{"href":"http:\/\/desarrollo.grupomedios.com\/futbol\/wp-json\/wp\/v2\/types\/post"}],"author":[{"embeddable":true,"href":"http:\/\/desarrollo.grupomedios.com\/futbol\/wp-json\/wp\/v2\/users\/20"}],"replies":[{"embeddable":true,"href":"http:\/\/desarrollo.grupomedios.com\/futbol\/wp-json\/wp\/v2\/comments?post=492797"}],"version-history":[{"count":1,"href":"http:\/\/desarrollo.grupomedios.com\/futbol\/wp-json\/wp\/v2\/posts\/492797\/revisions"}],"predecessor-version":[{"id":492803,"href":"http:\/\/desarrollo.grupomedios.com\/futbol\/wp-json\/wp\/v2\/posts\/492797\/revisions\/492803"}],"wp:featuredmedia":[{"embeddable":true,"href":"http:\/\/desarrollo.grupomedios.com\/futbol\/wp-json\/wp\/v2\/media\/492802"}],"wp:attachment":[{"href":"http:\/\/desarrollo.grupomedios.com\/futbol\/wp-json\/wp\/v2\/media?parent=492797"}],"wp:term":[{"taxonomy":"category","embeddable":true,"href":"http:\/\/desarrollo.grupomedios.com\/futbol\/wp-json\/wp\/v2\/categories?post=492797"},{"taxonomy":"post_tag","embeddable":true,"href":"http:\/\/desarrollo.grupomedios.com\/futbol\/wp-json\/wp\/v2\/tags?post=492797"}],"curies":[{"name":"wp","href":"https:\/\/api.w.org\/{rel}","templated":true}]}}