{"id":492809,"date":"2017-08-08T15:44:32","date_gmt":"2017-08-08T20:44:32","guid":{"rendered":"https:\/\/www.futboltotal.com.mx\/?p=492809"},"modified":"2017-08-08T15:44:32","modified_gmt":"2017-08-08T20:44:32","slug":"lobos-buap-le-aconseja-a-palacios-no-hablar","status":"publish","type":"post","link":"http:\/\/desarrollo.grupomedios.com\/futbol\/destacado-home\/lobos-buap-le-aconseja-a-palacios-no-hablar\/2017\/08","title":{"rendered":"Lobos BUAP le aconseja a Palacios no hablar"},"content":{"rendered":"<p>Luego de que <a href=\"https:\/\/www.futboltotal.com.mx\/2017\/08\/william-palacios-golpeado-esposa-durante-pelea\/\" target=\"_blank\" rel=\"noopener noreferrer\"><span style=\"color: #333399;\"><strong>William Palacios<\/strong><\/span><\/a> fue dado de baja de<a href=\"https:\/\/www.futboltotal.com.mx\/2017\/08\/lobos-buap-pone-ultimatum-a-quinones\/\" target=\"_blank\" rel=\"noopener noreferrer\"><span style=\"color: #333399;\"><strong> Lobos BUAP<\/strong><\/span><\/a>, el jugador declar\u00f3 que revelar\u00e1 a detalle lo que realmente sucedi\u00f3 en el altercado entre \u00e9l y <a href=\"https:\/\/www.futboltotal.com.mx\/2017\/08\/julian-quinones-fue-saco-cuchillo-william-palacios\/\" target=\"_blank\" rel=\"noopener noreferrer\"><span style=\"color: #333399;\"><strong>Juli\u00e1n Qui\u00f1ones<\/strong><\/span><\/a>, por lo que el director deportivo del cuadro <em>Lic\u00e1ntropo<\/em>, <strong>Rafael Fern\u00e1ndez<\/strong>, le mand\u00f3 un mensaje al futbolista colombiano, aconsej\u00e1ndole no hablar.<\/p>\n<p>\u201cSi William decidiera darles especificaciones de esta situaci\u00f3n, est\u00e1 en su derecho. Yo lo que le recomiendo es que aclare cosas que en su futuro profesional le puedan perjudicar para encontrar otro equipo, porque le deseamos lo mejor y si lo podemos apoyar, lo apoyaremos\u201d, declar\u00f3.<\/p>\n<p style=\"text-align: center;\"><a href=\"https:\/\/www.futboltotal.com.mx\/2017\/08\/manchester-united-olvida-chicharito-andel-di-maria\/\" target=\"_blank\" rel=\"noopener noreferrer\"><span style=\"color: #333399;\">VER M\u00c1S:\u00a0Manchester United se olvida de Chicharito y \u00c1ngel di Mar\u00eda<\/span><\/a><\/p>\n<p><strong>Fern\u00e1ndez<\/strong> a\u00f1adi\u00f3 que si el club decidi\u00f3 dar una versi\u00f3n discreta de los hechos, fue pera no perjudicar la carrera del jugador.<\/p>\n<blockquote><p>\u201cLa instituci\u00f3n fue muy clara, no queremos romper nuestra l\u00ednea de discreci\u00f3n en favor de los muchachos, es evidente que cayeron en una falta. Lo de William nos duele much\u00edsimo, tiene que seguir con su camino profesional y con base a eso, determinamos no hablar de los detalles a la investigaci\u00f3n que hicimos\u201d.<\/p><\/blockquote>\n<p style=\"text-align: center;\"><a href=\"https:\/\/www.futboltotal.com.mx\/2017\/08\/ronaldinho-perdio-la-alegria-de-trabajar-vucetich\/\" target=\"_blank\" rel=\"noopener noreferrer\"><span style=\"color: #333399;\">VER M\u00c1S:\u00a0\u201cRonaldinho perdi\u00f3 la alegr\u00eda de trabajar\u201d: Vucetich<\/span><\/a><\/p>\n<p>As\u00ed mismo, el directivo dijo que de acuerdo con las pesquisas que realizaron, se determin\u00f3 que <strong>Qui\u00f1ones<\/strong> fuera sancionado \u00fanicamente, ya que no incurri\u00f3 en la misma conducta de su compa\u00f1ero.<\/p>\n<blockquote><p>\u201cLas dos son faltas de disciplina, pero de diferente gravedad. No es lo mismo pasarte un alto, a pasarlo a 200 kil\u00f3metros por hora. Son faltas y con base a los argumentos que tenemos, tomamos esta decisi\u00f3n, he escuchado versiones y considero que es lamentable que d\u00e9 m\u00e1s nota que el andar deportivo del club\u201d.<\/p><\/blockquote>\n<p style=\"text-align: center;\"><a href=\"https:\/\/www.futboltotal.com.mx\/2017\/08\/atletico-madrid-vende-a-uno-sus-argentinos-al-futbol-ruso\/\" target=\"_blank\" rel=\"noopener noreferrer\"><span style=\"color: #333399;\">VER M\u00c1S:\u00a0Atl\u00e9tico de Madrid vende a uno de sus argentinos al futbol ruso<\/span><\/a><\/p>\n","protected":false},"excerpt":{"rendered":"<p>Lobos BUAP aconsej\u00f3 al jugador no hablar para no perjudicar su carrera<\/p>\n","protected":false},"author":20,"featured_media":492736,"comment_status":"closed","ping_status":"closed","sticky":false,"template":"","format":"standard","meta":[],"categories":[5,2198,3845],"tags":[9642,431,9641],"_links":{"self":[{"href":"http:\/\/desarrollo.grupomedios.com\/futbol\/wp-json\/wp\/v2\/posts\/492809"}],"collection":[{"href":"http:\/\/desarrollo.grupomedios.com\/futbol\/wp-json\/wp\/v2\/posts"}],"about":[{"href":"http:\/\/desarrollo.grupomedios.com\/futbol\/wp-json\/wp\/v2\/types\/post"}],"author":[{"embeddable":true,"href":"http:\/\/desarrollo.grupomedios.com\/futbol\/wp-json\/wp\/v2\/users\/20"}],"replies":[{"embeddable":true,"href":"http:\/\/desarrollo.grupomedios.com\/futbol\/wp-json\/wp\/v2\/comments?post=492809"}],"version-history":[{"count":1,"href":"http:\/\/desarrollo.grupomedios.com\/futbol\/wp-json\/wp\/v2\/posts\/492809\/revisions"}],"predecessor-version":[{"id":492811,"href":"http:\/\/desarrollo.grupomedios.com\/futbol\/wp-json\/wp\/v2\/posts\/492809\/revisions\/492811"}],"wp:featuredmedia":[{"embeddable":true,"href":"http:\/\/desarrollo.grupomedios.com\/futbol\/wp-json\/wp\/v2\/media\/492736"}],"wp:attachment":[{"href":"http:\/\/desarrollo.grupomedios.com\/futbol\/wp-json\/wp\/v2\/media?parent=492809"}],"wp:term":[{"taxonomy":"category","embeddable":true,"href":"http:\/\/desarrollo.grupomedios.com\/futbol\/wp-json\/wp\/v2\/categories?post=492809"},{"taxonomy":"post_tag","embeddable":true,"href":"http:\/\/desarrollo.grupomedios.com\/futbol\/wp-json\/wp\/v2\/tags?post=492809"}],"curies":[{"name":"wp","href":"https:\/\/api.w.org\/{rel}","templated":true}]}}