{"id":492823,"date":"2017-08-08T17:17:48","date_gmt":"2017-08-08T22:17:48","guid":{"rendered":"https:\/\/www.futboltotal.com.mx\/?p=492823"},"modified":"2017-08-08T17:17:48","modified_gmt":"2017-08-08T22:17:48","slug":"gignac-vence-a-edu-vargas-se-burla-en-redes","status":"publish","type":"post","link":"http:\/\/desarrollo.grupomedios.com\/futbol\/cambio-de-juego\/gignac-vence-a-edu-vargas-se-burla-en-redes\/2017\/08","title":{"rendered":"Gignac vence a Edu Vargas y se burla en redes"},"content":{"rendered":"<p>El delantero de <strong>Tigres<\/strong>,\u00a0<strong>Andr\u00e9-Pierre Gignac<\/strong>, trolle\u00f3 a su compa\u00f1ero de equipo, <strong>Eduardo Vargas<\/strong>, luego de vencerlo.<\/p>\n<p>A trav\u00e9s de Instagram, el franc\u00e9s presumi\u00f3 una fotograf\u00eda en el podio de los\u00a0<strong>Go Karts<\/strong>, en donde su compa\u00f1ero, el chileno <strong>Edu Vargas<\/strong> se qued\u00f3 con la segunda posici\u00f3n.<\/p>\n<p style=\"text-align: center;\"><span style=\"color: #333399;\"><a style=\"color: #333399;\" href=\"https:\/\/www.futboltotal.com.mx\/2017\/08\/manchester-united-olvida-chicharito-andel-di-maria\/\" target=\"_blank\" rel=\"noopener noreferrer\">VER M\u00c1S: Manchester United se olvida de Chicharito<\/a><\/span><\/p>\n<blockquote><p>&#8220;Noche de Go Karts,\u00a0Eduardo Vargas\u00a0est\u00e1 bien decepcionado no pasa nada hermano , pronto vendr\u00e1 la revancha&#8221;, expres\u00f3 el delantero europeo.<\/p><\/blockquote>\n<p><a href=\"https:\/\/www.futboltotal.com.mx\/wp-content\/uploads\/2017\/08\/gignac-edu.jpg\"><img decoding=\"async\" loading=\"lazy\" class=\"alignnone size-full wp-image-492829\" src=\"https:\/\/www.futboltotal.com.mx\/wp-content\/uploads\/2017\/08\/gignac-edu.jpg\" alt=\"Gignac vence a Edu Vargas y se burla en redes 0\" srcset=\"http:\/\/desarrollo.grupomedios.com\/futbol\/wp-content\/uploads\/2017\/08\/gignac-edu.jpg 968w, http:\/\/desarrollo.grupomedios.com\/futbol\/wp-content\/uploads\/2017\/08\/gignac-edu-300x150.jpg 300w, http:\/\/desarrollo.grupomedios.com\/futbol\/wp-content\/uploads\/2017\/08\/gignac-edu-768x384.jpg 768w, http:\/\/desarrollo.grupomedios.com\/futbol\/wp-content\/uploads\/2017\/08\/gignac-edu-340x171.jpg 340w\" sizes=\"(max-width: 968px) 100vw, 968px\" \/><\/a><\/p>\n<p>Ninguno de los dos futbolistas fue convocado para el juego de <strong>Tigres<\/strong> ante <strong>Zacatepec<\/strong> por la <strong>Copa MX<\/strong>.<\/p>\n<p style=\"text-align: center;\"><span style=\"color: #333399;\"><a style=\"color: #333399;\" href=\"https:\/\/www.futboltotal.com.mx\/2017\/08\/resbalon-cristiano-ronaldo-la-supercopa-europa\/\" target=\"_blank\" rel=\"noopener noreferrer\">VER M\u00c1S: El resbal\u00f3n de Cristiano Ronaldo que pudo ser de gravedad<\/a><\/span><\/p>\n","protected":false},"excerpt":{"rendered":"<p>El delantero franc\u00e9s no perdi\u00f3 la oportunidad para burlarse del andino<\/p>\n","protected":false},"author":20,"featured_media":474527,"comment_status":"closed","ping_status":"closed","sticky":false,"template":"","format":"standard","meta":[],"categories":[5419],"tags":[5564,5994,5973],"_links":{"self":[{"href":"http:\/\/desarrollo.grupomedios.com\/futbol\/wp-json\/wp\/v2\/posts\/492823"}],"collection":[{"href":"http:\/\/desarrollo.grupomedios.com\/futbol\/wp-json\/wp\/v2\/posts"}],"about":[{"href":"http:\/\/desarrollo.grupomedios.com\/futbol\/wp-json\/wp\/v2\/types\/post"}],"author":[{"embeddable":true,"href":"http:\/\/desarrollo.grupomedios.com\/futbol\/wp-json\/wp\/v2\/users\/20"}],"replies":[{"embeddable":true,"href":"http:\/\/desarrollo.grupomedios.com\/futbol\/wp-json\/wp\/v2\/comments?post=492823"}],"version-history":[{"count":1,"href":"http:\/\/desarrollo.grupomedios.com\/futbol\/wp-json\/wp\/v2\/posts\/492823\/revisions"}],"predecessor-version":[{"id":492831,"href":"http:\/\/desarrollo.grupomedios.com\/futbol\/wp-json\/wp\/v2\/posts\/492823\/revisions\/492831"}],"wp:featuredmedia":[{"embeddable":true,"href":"http:\/\/desarrollo.grupomedios.com\/futbol\/wp-json\/wp\/v2\/media\/474527"}],"wp:attachment":[{"href":"http:\/\/desarrollo.grupomedios.com\/futbol\/wp-json\/wp\/v2\/media?parent=492823"}],"wp:term":[{"taxonomy":"category","embeddable":true,"href":"http:\/\/desarrollo.grupomedios.com\/futbol\/wp-json\/wp\/v2\/categories?post=492823"},{"taxonomy":"post_tag","embeddable":true,"href":"http:\/\/desarrollo.grupomedios.com\/futbol\/wp-json\/wp\/v2\/tags?post=492823"}],"curies":[{"name":"wp","href":"https:\/\/api.w.org\/{rel}","templated":true}]}}