{"id":492845,"date":"2017-08-08T17:05:32","date_gmt":"2017-08-08T22:05:32","guid":{"rendered":"https:\/\/www.futboltotal.com.mx\/?p=492845"},"modified":"2017-08-08T18:49:28","modified_gmt":"2017-08-08T23:49:28","slug":"carlos-vela-revelo-el-equipo-en-el-que-jugara-a-partir-de-2018","status":"publish","type":"post","link":"http:\/\/desarrollo.grupomedios.com\/futbol\/destacado-home\/carlos-vela-revelo-el-equipo-en-el-que-jugara-a-partir-de-2018\/2017\/08","title":{"rendered":"Carlos Vela revel\u00f3 el equipo en el que jugar\u00e1 a partir de 2018"},"content":{"rendered":"<p><span style=\"color: #333333;\"><span style=\"font-family: Georgia, 'Times New Roman', 'Bitstream Charter', Times, serif;\"><span style=\"font-size: medium;\">Luego de que la <\/span><\/span><\/span><span style=\"font-size: medium;\"><a href=\"https:\/\/www.futboltotal.com.mx\/2017\/08\/real-sociedad-quiere-seguir-disfrutando-carlos-vela\/\" target=\"_blank\" rel=\"noopener noreferrer\"><span style=\"color: #333399;\"><strong><span style=\"font-family: Georgia, 'Times New Roman', 'Bitstream Charter', Times, serif;\"><b>Real Sociedad<\/b><\/span><\/strong><\/span><\/a><\/span><span style=\"color: #333333;\"><span style=\"font-family: Georgia, 'Times New Roman', 'Bitstream Charter', Times, serif;\"><span style=\"font-size: medium;\">\u00a0confirmara que lleg\u00f3 a un acuerdo con la\u00a0<\/span><\/span><\/span><span style=\"font-size: medium;\"><a href=\"https:\/\/www.futboltotal.com.mx\/2017\/08\/mls-robaria-a-gary-medel-millones-tigres\/\" target=\"_blank\" rel=\"noopener noreferrer\"><span style=\"color: #333399;\"><strong><span style=\"font-family: Georgia, 'Times New Roman', 'Bitstream Charter', Times, serif;\"><b>Major League Soccer<\/b><\/span><\/strong><\/span><\/a><\/span><span style=\"color: #333333;\"><span style=\"font-family: Georgia, 'Times New Roman', 'Bitstream Charter', Times, serif;\"><span style=\"font-size: medium;\">\u00a0(MLS) para que el delantero mexicano,\u00a0<\/span><\/span><\/span><span style=\"font-size: medium;\"><a href=\"https:\/\/www.futboltotal.com.mx\/2017\/08\/carlos-vela-dedica-emotiva-carta-a-real-sociedad-aficion\/\" target=\"_blank\" rel=\"noopener noreferrer\"><span style=\"color: #333399;\"><strong><span style=\"font-family: Georgia, 'Times New Roman', 'Bitstream Charter', Times, serif;\"><b>Carlos Vela<\/b><\/span><\/strong><\/span><\/a><\/span><span style=\"color: #333333;\"><span style=\"font-family: Georgia, 'Times New Roman', 'Bitstream Charter', Times, serif;\"><span style=\"font-size: medium;\">\u00a0juegue para un equipo de esa liga.<\/span><\/span><\/span><\/p>\n<p><span style=\"color: #333333;\"><span style=\"font-family: Georgia, 'Times New Roman', 'Bitstream Charter', Times, serif;\"><span style=\"font-size: medium;\">El a\u00fan delantero de los <em>Txuri Urd\u00edn<\/em>, revel\u00f3 a trav\u00e9s de su cuenta de <strong>Twitter<\/strong> el equipo al que se unir\u00e1 a partir de 2018, se trata nada m\u00e1s y nada menos que de <strong>Los \u00c1ngeles FC<\/strong>, conjunto que se encuentra en plena expansi\u00f3n. <\/span><\/span><\/span><\/p>\n<p>&nbsp;<\/p>\n<blockquote class=\"twitter-video\" data-lang=\"es\">\n<p dir=\"ltr\" lang=\"en\">My new Club in 2018. <a href=\"https:\/\/twitter.com\/LAFC\">@LAFC<\/a> <a href=\"https:\/\/t.co\/hR0tZ8eLFI\">pic.twitter.com\/hR0tZ8eLFI<\/a><\/p>\n<p>\u2014 carlos vela (@11carlosV) <a href=\"https:\/\/twitter.com\/11carlosV\/status\/895052909834117120\">8 de agosto de 2017<\/a><\/p><\/blockquote>\n<p><script async src=\"\/\/platform.twitter.com\/widgets.js\" charset=\"utf-8\"><\/script><\/p>\n","protected":false},"excerpt":{"rendered":"<p>Carlos Vela dejar\u00e1 a la Real Sociedad por la MLS<\/p>\n","protected":false},"author":20,"featured_media":492846,"comment_status":"closed","ping_status":"closed","sticky":false,"template":"","format":"standard","meta":[],"categories":[5,3839,6718,9635],"tags":[6048,8503,195,102],"_links":{"self":[{"href":"http:\/\/desarrollo.grupomedios.com\/futbol\/wp-json\/wp\/v2\/posts\/492845"}],"collection":[{"href":"http:\/\/desarrollo.grupomedios.com\/futbol\/wp-json\/wp\/v2\/posts"}],"about":[{"href":"http:\/\/desarrollo.grupomedios.com\/futbol\/wp-json\/wp\/v2\/types\/post"}],"author":[{"embeddable":true,"href":"http:\/\/desarrollo.grupomedios.com\/futbol\/wp-json\/wp\/v2\/users\/20"}],"replies":[{"embeddable":true,"href":"http:\/\/desarrollo.grupomedios.com\/futbol\/wp-json\/wp\/v2\/comments?post=492845"}],"version-history":[{"count":1,"href":"http:\/\/desarrollo.grupomedios.com\/futbol\/wp-json\/wp\/v2\/posts\/492845\/revisions"}],"predecessor-version":[{"id":492847,"href":"http:\/\/desarrollo.grupomedios.com\/futbol\/wp-json\/wp\/v2\/posts\/492845\/revisions\/492847"}],"wp:featuredmedia":[{"embeddable":true,"href":"http:\/\/desarrollo.grupomedios.com\/futbol\/wp-json\/wp\/v2\/media\/492846"}],"wp:attachment":[{"href":"http:\/\/desarrollo.grupomedios.com\/futbol\/wp-json\/wp\/v2\/media?parent=492845"}],"wp:term":[{"taxonomy":"category","embeddable":true,"href":"http:\/\/desarrollo.grupomedios.com\/futbol\/wp-json\/wp\/v2\/categories?post=492845"},{"taxonomy":"post_tag","embeddable":true,"href":"http:\/\/desarrollo.grupomedios.com\/futbol\/wp-json\/wp\/v2\/tags?post=492845"}],"curies":[{"name":"wp","href":"https:\/\/api.w.org\/{rel}","templated":true}]}}