{"id":492854,"date":"2017-08-09T10:40:27","date_gmt":"2017-08-09T15:40:27","guid":{"rendered":"https:\/\/www.futboltotal.com.mx\/?p=492854"},"modified":"2017-08-09T22:55:27","modified_gmt":"2017-08-10T03:55:27","slug":"en-vivo-veracruz-vs-leon-copa-mx","status":"publish","type":"post","link":"http:\/\/desarrollo.grupomedios.com\/futbol\/futbol-mexicano\/en-vivo-veracruz-vs-leon-copa-mx\/2017\/08","title":{"rendered":"AS\u00cd SE VIVI\u00d3 | Veracruz 1-2 Le\u00f3n | Copa MX"},"content":{"rendered":"<p>Los <em>Tiburones Rojos<\/em> del <strong>Veracruz<\/strong> reciben la visita de los Esmeraldas de Le\u00f3n en la fecha 3 de la Copa Mx.<\/p>\n<p>El <strong>Le\u00f3n<\/strong> inici\u00f3 con un triunfo en su casa frente a Alebrijes en su primer partido de Copa, y quiere el triunfo en la ciudad veracruzana para consolidarse en el Grupo 6.<\/p>\n<iframe src=\"https:\/\/en-vivo.futboltotal.com.mx\/embed.php\/?id=194\" width=\"100%\" id=\"frame_minuto\"><\/iframe>\n<p>Por su parte, los Tiburones cayeron en su primer partido de la justa y ahora pretende sacar una victoria que lo ponga en la pelea.<\/p>\n<p>No te pierdas este duelo este mi\u00e9rcoles 9 de agosto en punto de las 19:00 horas.<\/p>\n","protected":false},"excerpt":{"rendered":"<p>Los Tiburones buscan su primera victoria del torneo de copa<\/p>\n","protected":false},"author":20,"featured_media":493058,"comment_status":"closed","ping_status":"closed","sticky":false,"template":"","format":"standard","meta":[],"categories":[4247,2198],"tags":[285,5965,6049],"_links":{"self":[{"href":"http:\/\/desarrollo.grupomedios.com\/futbol\/wp-json\/wp\/v2\/posts\/492854"}],"collection":[{"href":"http:\/\/desarrollo.grupomedios.com\/futbol\/wp-json\/wp\/v2\/posts"}],"about":[{"href":"http:\/\/desarrollo.grupomedios.com\/futbol\/wp-json\/wp\/v2\/types\/post"}],"author":[{"embeddable":true,"href":"http:\/\/desarrollo.grupomedios.com\/futbol\/wp-json\/wp\/v2\/users\/20"}],"replies":[{"embeddable":true,"href":"http:\/\/desarrollo.grupomedios.com\/futbol\/wp-json\/wp\/v2\/comments?post=492854"}],"version-history":[{"count":2,"href":"http:\/\/desarrollo.grupomedios.com\/futbol\/wp-json\/wp\/v2\/posts\/492854\/revisions"}],"predecessor-version":[{"id":493042,"href":"http:\/\/desarrollo.grupomedios.com\/futbol\/wp-json\/wp\/v2\/posts\/492854\/revisions\/493042"}],"wp:featuredmedia":[{"embeddable":true,"href":"http:\/\/desarrollo.grupomedios.com\/futbol\/wp-json\/wp\/v2\/media\/493058"}],"wp:attachment":[{"href":"http:\/\/desarrollo.grupomedios.com\/futbol\/wp-json\/wp\/v2\/media?parent=492854"}],"wp:term":[{"taxonomy":"category","embeddable":true,"href":"http:\/\/desarrollo.grupomedios.com\/futbol\/wp-json\/wp\/v2\/categories?post=492854"},{"taxonomy":"post_tag","embeddable":true,"href":"http:\/\/desarrollo.grupomedios.com\/futbol\/wp-json\/wp\/v2\/tags?post=492854"}],"curies":[{"name":"wp","href":"https:\/\/api.w.org\/{rel}","templated":true}]}}