{"id":492859,"date":"2017-08-08T20:51:08","date_gmt":"2017-08-09T01:51:08","guid":{"rendered":"https:\/\/www.futboltotal.com.mx\/?p=492859"},"modified":"2017-08-08T20:51:08","modified_gmt":"2017-08-09T01:51:08","slug":"cronica-resultado-zacatepec-2-1-tigres-copa-mx","status":"publish","type":"post","link":"http:\/\/desarrollo.grupomedios.com\/futbol\/destacado-home\/cronica-resultado-zacatepec-2-1-tigres-copa-mx\/2017\/08","title":{"rendered":"Ca\u00f1eros hace valer su condici\u00f3n de local y vence a Tigres"},"content":{"rendered":"<p>Este martes se llev\u00f3 a cabo el duelo entre\u00a0<strong>Zacatepec<\/strong>\u00a0y\u00a0<strong>Tigres<\/strong>\u00a0por el\u00a0<strong>Grupo 5<\/strong>\u00a0de la<strong>\u00a0Copa MX,<\/strong>\u00a0en la cancha del\u00a0<strong>Coruco D\u00edaz<\/strong>, en\u00a0el que lo morelenses hicieron valer su condici\u00f3n de local y se impusieron \u00a0la felinos por marcador de 2-1.<\/p>\n<p style=\"text-align: center;\"><a href=\"https:\/\/www.futboltotal.com.mx\/2017\/08\/psg-no-ha-recibido-transfer-de-neymar\/\" target=\"_blank\" rel=\"noopener noreferrer\"><span style=\"color: #333399;\">VER M\u00c1S:\u00a0PSG no ha recibido el tr\u00e1nsfer de Neymar<\/span><\/a><\/p>\n<p>El primer tiempo arranc\u00f3 bastante movido y con ambos conjuntos en busca del arco rival, <strong>Tigres<\/strong> fue due\u00f1o de las acciones durante los primeros minutos, hasta que los <em>Ca\u00f1eros<\/em> lograron despojarle la esf\u00e9rica a los felinos y al 17&#8242; logr\u00f3 romper el cero por conducto de <strong>Armando Gonz\u00e1lez<\/strong>. El dominio continu\u00f3 por parte de los morelenses y al 28&#8242; amplio <strong>Luis M\u00e1rquez<\/strong> ampli\u00f3 la ventaja, los minutos transcurrieron y <strong>Zacatepec<\/strong> estuvo a nada de marcar el tercero pero el poste se cruzo en el disparo de <strong>M\u00e1rquez<\/strong> y el primer tiempo termin\u00f3 con ventaja parcial de 2-0 para los locales.<\/p>\n<p style=\"text-align: center;\"><a href=\"https:\/\/www.futboltotal.com.mx\/2017\/08\/mourinho-se-queja-por-falta-de-var-y-regala-medalla-subcampeon\/\" target=\"_blank\" rel=\"noopener noreferrer\"><span style=\"color: #333399;\">VER M\u00c1S:\u00a0Mourinho se queja por falta del VAR y regala medalla de subcampe\u00f3n<\/span><\/a><\/p>\n<p>&nbsp;<\/p>\n<blockquote class=\"twitter-video\" data-lang=\"es\">\n<p dir=\"ltr\" lang=\"es\">\u00a1GOOOOOOL de <a href=\"https:\/\/twitter.com\/CA_Zacatepec\">@CA_Zacatepec<\/a> ! Armando Gonz\u00e1lez remata de primera dentro del \u00e1rea. S\u00edguelo EN VIVO por Univisi\u00f3n TDN <a href=\"https:\/\/twitter.com\/hashtag\/CopaMX?src=hash\">#CopaMX<\/a> <a href=\"https:\/\/t.co\/n6lzcx8Ldp\">pic.twitter.com\/n6lzcx8Ldp<\/a><\/p>\n<p>\u2014 TDN (@tdn_twit) <a href=\"https:\/\/twitter.com\/tdn_twit\/status\/895077246561533952\">9 de agosto de 2017<\/a><\/p><\/blockquote>\n<p><script async src=\"\/\/platform.twitter.com\/widgets.js\" charset=\"utf-8\"><\/script><\/p>\n<p>&nbsp;<\/p>\n<blockquote class=\"twitter-video\" data-lang=\"es\">\n<p dir=\"ltr\" lang=\"es\">\u00a1GOOOOOOOL de <a href=\"https:\/\/twitter.com\/CA_Zacatepec\">@CA_Zacatepec<\/a>!<\/p>\n<p>Luis M\u00e1rquez ampl\u00eda la ventaja desde los once pasos.<\/p>\n<p>S\u00edguelo EN VIVO por Univisi\u00f3n TDN <a href=\"https:\/\/twitter.com\/hashtag\/CopaMX?src=hash\">#CopaMX<\/a> <a href=\"https:\/\/t.co\/XE1cFBW442\">pic.twitter.com\/XE1cFBW442<\/a><\/p>\n<p>\u2014 TDN (@tdn_twit) <a href=\"https:\/\/twitter.com\/tdn_twit\/status\/895079659699929088\">9 de agosto de 2017<\/a><\/p><\/blockquote>\n<p><script async src=\"\/\/platform.twitter.com\/widgets.js\" charset=\"utf-8\"><\/script><\/p>\n<p style=\"text-align: center;\"><a href=\"https:\/\/www.futboltotal.com.mx\/2017\/08\/gabriel-caballero-tiene-nuevo-equipo-en-el-futbol-mexicano\/\" target=\"_blank\" rel=\"noopener noreferrer\"><span style=\"color: #333399;\">VER M\u00c1S:\u00a0Gabriel Caballero tiene nuevo equipo en el futbol mexicano<\/span><\/a><\/p>\n<p>En el segundo tiempo, <em>Ca\u00f1eros<\/em> cedi\u00f3 el esf\u00e9rico y <strong>Tigres<\/strong> logr\u00f3 adue\u00f1arse de las acciones; sin embargo, no logr\u00f3 hacerse presente en el marcador ni inquietar de gran forma a <strong>Hern\u00e1ndez<\/strong>, mientras que los morelenses dejaron de pelear como en la primera mitad, \u00fanicamente gener\u00f3 algunos destellos que exigieron de m\u00e1s a <strong>Enrique Palos<\/strong>. Hasta que al 78&#8242; <strong>Dami\u00e1n \u00c1lvarez<\/strong> descont\u00f3 por lo universitarios e hizo creer a su afici\u00f3n en el empate, desafortunadamente no le alcanz\u00f3 y los Zacatepec se llev\u00f3 las tres unidades.<\/p>\n<p>&nbsp;<\/p>\n<blockquote class=\"twitter-video\" data-lang=\"es\">\n<p dir=\"ltr\" lang=\"es\">\u00a1GOOOOOOOOOOOOOOOOOOOOOOOOOOOOOOOOOOL de <a href=\"https:\/\/twitter.com\/TigresOficial\">@TigresOficial<\/a>!<\/p>\n<p>Dami\u00e1n \u00c1lvarez descuenta<\/p>\n<p>S\u00edguelo EN VIVO por Univisi\u00f3n TDN <a href=\"https:\/\/twitter.com\/hashtag\/CopaMX?src=hash\">#CopaMX<\/a> <a href=\"https:\/\/t.co\/vVMBjNIcm7\">pic.twitter.com\/vVMBjNIcm7<\/a><\/p>\n<p>\u2014 TDN (@tdn_twit) <a href=\"https:\/\/twitter.com\/tdn_twit\/status\/895096412999999488\">9 de agosto de 2017<\/a><\/p><\/blockquote>\n<p><script async src=\"\/\/platform.twitter.com\/widgets.js\" charset=\"utf-8\"><\/script><\/p>\n","protected":false},"excerpt":{"rendered":"<p>Zacatepec hizo valer su condici\u00f3n de local y dio cuenta de Tigres<\/p>\n","protected":false},"author":20,"featured_media":492880,"comment_status":"closed","ping_status":"closed","sticky":false,"template":"","format":"standard","meta":[],"categories":[4247,5,2198],"tags":[285,2782,5973,1588],"_links":{"self":[{"href":"http:\/\/desarrollo.grupomedios.com\/futbol\/wp-json\/wp\/v2\/posts\/492859"}],"collection":[{"href":"http:\/\/desarrollo.grupomedios.com\/futbol\/wp-json\/wp\/v2\/posts"}],"about":[{"href":"http:\/\/desarrollo.grupomedios.com\/futbol\/wp-json\/wp\/v2\/types\/post"}],"author":[{"embeddable":true,"href":"http:\/\/desarrollo.grupomedios.com\/futbol\/wp-json\/wp\/v2\/users\/20"}],"replies":[{"embeddable":true,"href":"http:\/\/desarrollo.grupomedios.com\/futbol\/wp-json\/wp\/v2\/comments?post=492859"}],"version-history":[{"count":3,"href":"http:\/\/desarrollo.grupomedios.com\/futbol\/wp-json\/wp\/v2\/posts\/492859\/revisions"}],"predecessor-version":[{"id":492882,"href":"http:\/\/desarrollo.grupomedios.com\/futbol\/wp-json\/wp\/v2\/posts\/492859\/revisions\/492882"}],"wp:featuredmedia":[{"embeddable":true,"href":"http:\/\/desarrollo.grupomedios.com\/futbol\/wp-json\/wp\/v2\/media\/492880"}],"wp:attachment":[{"href":"http:\/\/desarrollo.grupomedios.com\/futbol\/wp-json\/wp\/v2\/media?parent=492859"}],"wp:term":[{"taxonomy":"category","embeddable":true,"href":"http:\/\/desarrollo.grupomedios.com\/futbol\/wp-json\/wp\/v2\/categories?post=492859"},{"taxonomy":"post_tag","embeddable":true,"href":"http:\/\/desarrollo.grupomedios.com\/futbol\/wp-json\/wp\/v2\/tags?post=492859"}],"curies":[{"name":"wp","href":"https:\/\/api.w.org\/{rel}","templated":true}]}}