{"id":492864,"date":"2017-08-09T10:26:46","date_gmt":"2017-08-09T15:26:46","guid":{"rendered":"https:\/\/www.futboltotal.com.mx\/?p=492864"},"modified":"2017-08-09T23:00:09","modified_gmt":"2017-08-10T04:00:09","slug":"en-vivo-fc-juarez-vs-chivas-copa-mx","status":"publish","type":"post","link":"http:\/\/desarrollo.grupomedios.com\/futbol\/futbol-mexicano\/en-vivo-fc-juarez-vs-chivas-copa-mx\/2017\/08","title":{"rendered":"AS\u00cd SE VIVI\u00d3 | FC Ju\u00e1rez 0-1 Chivas | Copa Mx"},"content":{"rendered":"<p>Los <em>Bravos<\/em> de Ciudad Ju\u00e1rez recibir\u00e1n la visita de las <em>Chivas Rayadas<\/em> de <strong>Guadalajara<\/strong> en el cierre de la fecha 3 de la Copa Mx.<\/p>\n<p>Los fronterizos sufrieron la derrota ante los rojiblancos la semana pasada, por lo que buscar\u00e1n venganza en casa.<\/p>\n<p>Mientras que el Reba\u00f1o Sagrado lleva una foja de una victoria y una derrota en la Copa, por lo que si logra el triunfo se acercar\u00eda a la siguiente fase.<\/p>\n<p>Sigue este partido el mi\u00e9rcoles 9 de agosto en punto de las 21:00 horas.<\/p>\n<p>&nbsp;<\/p>\n","protected":false},"excerpt":{"rendered":"<p>El Reba\u00f1o va en la b\u00fasqueda del triunfo que lo acerque a la siguiente fase del torneo<\/p>\n","protected":false},"author":20,"featured_media":493088,"comment_status":"closed","ping_status":"closed","sticky":false,"template":"","format":"standard","meta":[],"categories":[4247,2198],"tags":[70,285,6558],"_links":{"self":[{"href":"http:\/\/desarrollo.grupomedios.com\/futbol\/wp-json\/wp\/v2\/posts\/492864"}],"collection":[{"href":"http:\/\/desarrollo.grupomedios.com\/futbol\/wp-json\/wp\/v2\/posts"}],"about":[{"href":"http:\/\/desarrollo.grupomedios.com\/futbol\/wp-json\/wp\/v2\/types\/post"}],"author":[{"embeddable":true,"href":"http:\/\/desarrollo.grupomedios.com\/futbol\/wp-json\/wp\/v2\/users\/20"}],"replies":[{"embeddable":true,"href":"http:\/\/desarrollo.grupomedios.com\/futbol\/wp-json\/wp\/v2\/comments?post=492864"}],"version-history":[{"count":3,"href":"http:\/\/desarrollo.grupomedios.com\/futbol\/wp-json\/wp\/v2\/posts\/492864\/revisions"}],"predecessor-version":[{"id":493100,"href":"http:\/\/desarrollo.grupomedios.com\/futbol\/wp-json\/wp\/v2\/posts\/492864\/revisions\/493100"}],"wp:featuredmedia":[{"embeddable":true,"href":"http:\/\/desarrollo.grupomedios.com\/futbol\/wp-json\/wp\/v2\/media\/493088"}],"wp:attachment":[{"href":"http:\/\/desarrollo.grupomedios.com\/futbol\/wp-json\/wp\/v2\/media?parent=492864"}],"wp:term":[{"taxonomy":"category","embeddable":true,"href":"http:\/\/desarrollo.grupomedios.com\/futbol\/wp-json\/wp\/v2\/categories?post=492864"},{"taxonomy":"post_tag","embeddable":true,"href":"http:\/\/desarrollo.grupomedios.com\/futbol\/wp-json\/wp\/v2\/tags?post=492864"}],"curies":[{"name":"wp","href":"https:\/\/api.w.org\/{rel}","templated":true}]}}