{"id":492872,"date":"2017-08-09T10:05:05","date_gmt":"2017-08-09T15:05:05","guid":{"rendered":"https:\/\/www.futboltotal.com.mx\/?p=492872"},"modified":"2017-08-09T22:59:17","modified_gmt":"2017-08-10T03:59:17","slug":"en-vivo-leones-negros-vs-toluca-copa-mx","status":"publish","type":"post","link":"http:\/\/desarrollo.grupomedios.com\/futbol\/futbol-mexicano\/en-vivo-leones-negros-vs-toluca-copa-mx\/2017\/08","title":{"rendered":"AS\u00cd SE VIVI\u00d3 | Leones Negros 0-2 Toluca | Copa Mx"},"content":{"rendered":"<p><strong>Leones Negros<\/strong> recibe la visita de los <em>Diablos Rojos<\/em> del <strong>Toluca<\/strong> en duelo de la fecha 3 de la <strong>Copa Mx.<\/strong><\/p>\n<p>La U. de G. comenz\u00f3 con un triunfo contundente en su primer juego de copa y quiere demostrar que est\u00e1 para pelear con los de Primera Divisi\u00f3n.<\/p>\n<p>Los escarlatas golearon la semana pasada 3-0 a Dorados, y ahora quieren mostrar que son uno de los equipos m\u00e1s poderosos de la Copa Mx, pese a la partida del delantero Enrique Triverio.<\/p>\n<p>Sigue este duelo el mi\u00e9rcoles 9 de agosto en punto de las 21:00 horas.<\/p>\n","protected":false},"excerpt":{"rendered":"<p>Los Diablos Rojos se meten a la Universidad de Guadalajara<\/p>\n","protected":false},"author":20,"featured_media":492873,"comment_status":"closed","ping_status":"closed","sticky":false,"template":"","format":"standard","meta":[],"categories":[4247,2198],"tags":[285,537,5975],"_links":{"self":[{"href":"http:\/\/desarrollo.grupomedios.com\/futbol\/wp-json\/wp\/v2\/posts\/492872"}],"collection":[{"href":"http:\/\/desarrollo.grupomedios.com\/futbol\/wp-json\/wp\/v2\/posts"}],"about":[{"href":"http:\/\/desarrollo.grupomedios.com\/futbol\/wp-json\/wp\/v2\/types\/post"}],"author":[{"embeddable":true,"href":"http:\/\/desarrollo.grupomedios.com\/futbol\/wp-json\/wp\/v2\/users\/20"}],"replies":[{"embeddable":true,"href":"http:\/\/desarrollo.grupomedios.com\/futbol\/wp-json\/wp\/v2\/comments?post=492872"}],"version-history":[{"count":3,"href":"http:\/\/desarrollo.grupomedios.com\/futbol\/wp-json\/wp\/v2\/posts\/492872\/revisions"}],"predecessor-version":[{"id":493101,"href":"http:\/\/desarrollo.grupomedios.com\/futbol\/wp-json\/wp\/v2\/posts\/492872\/revisions\/493101"}],"wp:featuredmedia":[{"embeddable":true,"href":"http:\/\/desarrollo.grupomedios.com\/futbol\/wp-json\/wp\/v2\/media\/492873"}],"wp:attachment":[{"href":"http:\/\/desarrollo.grupomedios.com\/futbol\/wp-json\/wp\/v2\/media?parent=492872"}],"wp:term":[{"taxonomy":"category","embeddable":true,"href":"http:\/\/desarrollo.grupomedios.com\/futbol\/wp-json\/wp\/v2\/categories?post=492872"},{"taxonomy":"post_tag","embeddable":true,"href":"http:\/\/desarrollo.grupomedios.com\/futbol\/wp-json\/wp\/v2\/tags?post=492872"}],"curies":[{"name":"wp","href":"https:\/\/api.w.org\/{rel}","templated":true}]}}