{"id":492904,"date":"2017-08-09T09:00:08","date_gmt":"2017-08-09T14:00:08","guid":{"rendered":"https:\/\/www.futboltotal.com.mx\/?p=492904"},"modified":"2017-08-09T09:57:04","modified_gmt":"2017-08-09T14:57:04","slug":"marco-fabian-tuvo-oferta-futbol-china","status":"publish","type":"post","link":"http:\/\/desarrollo.grupomedios.com\/futbol\/destacado-home\/marco-fabian-tuvo-oferta-futbol-china\/2017\/08","title":{"rendered":"Marco Fabi\u00e1n tuvo oferta en futbol de China"},"content":{"rendered":"<p>El mediocampista mexicano, <strong>Marco Fabi\u00e1n<\/strong> pudo emigrar al futbol asi\u00e1tico, sin embargo, prefiri\u00f3 que quedarse en el <strong>Eintracht Frankfurt<\/strong> para ganarse un lugar en Europa y con miras al <strong>Mundial de Rusia 2018<\/strong>.<\/p>\n<p style=\"text-align: center;\"><span style=\"color: #333399;\"><a style=\"color: #333399;\" href=\"https:\/\/www.futboltotal.com.mx\/2017\/08\/miguel-layun-ahora-suena-futbol-turco\/\" target=\"_blank\" rel=\"noopener noreferrer\">VER M\u00c1S: Miguel Lay\u00fan suena para el futbol turco<\/a><\/span><\/p>\n<p>De acuerdo al <em>diario R\u00e9cord<\/em>, Eintracht habr\u00eda tenido una oferta sobre la mesa de <strong>5 millones de d\u00f3lares<\/strong> al a\u00f1o, pero la ilusi\u00f3n de Fabi\u00e1n es llegar a disputar el Mundial en su mejor forma y poder saltar a un equipo m\u00e1s importante del <strong>Viejo Continente<\/strong>.<\/p>\n<p>Adem\u00e1s, para<strong> Fabi\u00e1n<\/strong>\u00a0tambi\u00e9n es importante la calidad de vida y la ha conseguido en la ciudad alemana, por lo que expres\u00f3 a sus representantes su deseo de quedarse en el club.<\/p>\n<p style=\"text-align: center;\"><span style=\"color: #333399;\"><a style=\"color: #333399;\" href=\"https:\/\/www.futboltotal.com.mx\/2017\/08\/carlos-vela-revelo-el-equipo-en-el-que-jugara-a-partir-de-2018\/\" target=\"_blank\" rel=\"noopener noreferrer\">VER M\u00c1S: Carlos Vela y su inminente llegada a la MLS<\/a><\/span><\/p>\n<p>&nbsp;<\/p>\n","protected":false},"excerpt":{"rendered":"<p>El mediocampista mexicano tiene en mente el Mundial de Rusia 2018.<\/p>\n","protected":false},"author":20,"featured_media":440802,"comment_status":"closed","ping_status":"closed","sticky":false,"template":"","format":"standard","meta":[],"categories":[5,7740,3839,6718],"tags":[831,8482,131],"_links":{"self":[{"href":"http:\/\/desarrollo.grupomedios.com\/futbol\/wp-json\/wp\/v2\/posts\/492904"}],"collection":[{"href":"http:\/\/desarrollo.grupomedios.com\/futbol\/wp-json\/wp\/v2\/posts"}],"about":[{"href":"http:\/\/desarrollo.grupomedios.com\/futbol\/wp-json\/wp\/v2\/types\/post"}],"author":[{"embeddable":true,"href":"http:\/\/desarrollo.grupomedios.com\/futbol\/wp-json\/wp\/v2\/users\/20"}],"replies":[{"embeddable":true,"href":"http:\/\/desarrollo.grupomedios.com\/futbol\/wp-json\/wp\/v2\/comments?post=492904"}],"version-history":[{"count":3,"href":"http:\/\/desarrollo.grupomedios.com\/futbol\/wp-json\/wp\/v2\/posts\/492904\/revisions"}],"predecessor-version":[{"id":492928,"href":"http:\/\/desarrollo.grupomedios.com\/futbol\/wp-json\/wp\/v2\/posts\/492904\/revisions\/492928"}],"wp:featuredmedia":[{"embeddable":true,"href":"http:\/\/desarrollo.grupomedios.com\/futbol\/wp-json\/wp\/v2\/media\/440802"}],"wp:attachment":[{"href":"http:\/\/desarrollo.grupomedios.com\/futbol\/wp-json\/wp\/v2\/media?parent=492904"}],"wp:term":[{"taxonomy":"category","embeddable":true,"href":"http:\/\/desarrollo.grupomedios.com\/futbol\/wp-json\/wp\/v2\/categories?post=492904"},{"taxonomy":"post_tag","embeddable":true,"href":"http:\/\/desarrollo.grupomedios.com\/futbol\/wp-json\/wp\/v2\/tags?post=492904"}],"curies":[{"name":"wp","href":"https:\/\/api.w.org\/{rel}","templated":true}]}}