{"id":492909,"date":"2017-08-09T09:36:00","date_gmt":"2017-08-09T14:36:00","guid":{"rendered":"https:\/\/www.futboltotal.com.mx\/?p=492909"},"modified":"2017-08-09T09:36:00","modified_gmt":"2017-08-09T14:36:00","slug":"el-gran-gesto-de-ronaldinho-con-un-fan-que-invadio-la-cancha","status":"publish","type":"post","link":"http:\/\/desarrollo.grupomedios.com\/futbol\/videos\/el-gran-gesto-de-ronaldinho-con-un-fan-que-invadio-la-cancha\/2017\/08","title":{"rendered":"El Gran gesto de Ronaldinho con un fan que invadi\u00f3 la cancha"},"content":{"rendered":"<p><strong>Ronaldinho<\/strong> sigue demostrando la calidad humana que tiene dentro y fuera de la cancha y tuvo un gran gesto con un aficionado que invadi\u00f3 la cancha en un partido que disputaba.<\/p>\n<p>El brasile\u00f1o, siempre sonriente, se mostr\u00f3 de una gran forma durante un amistoso en Costa Rica ante un aficionado que busc\u00f3 saludarlo en la cancha.<\/p>\n<p style=\"text-align: center;\"><span style=\"color: #3366ff;\"><a style=\"color: #3366ff;\" href=\"https:\/\/www.futboltotal.com.mx\/2017\/08\/dortmund-venderia-a-dembele-al-barca-120-millones\/\">VER M\u00c1S: Dortmund vender\u00eda a Dembel\u00e9 al Bar\u00e7a por 120 millones<\/a><\/span><\/p>\n<p>Un seguidor invadi\u00f3 la cancha buscando a <strong>Ronaldinho<\/strong> pero despu\u00e9s de varios segundos no le encontr\u00f3 y fue detenido por la Polic\u00eda, sin embargo, el astro brasile\u00f1o pidi\u00f3 al elemento de seguridad que permitiera al fan\u00e1tico acercarse para darle un abrazo.<\/p>\n<p>Aprovechando que ya estaba con \u00e9l, le pidi\u00f3 que le autografiara un papel, pero <em>Dinho<\/em> pareci\u00f3 decirle que no era momento, aunque el recuerdo del abrazo ser\u00e1 imborrable para este costarricense.<\/p>\n<p style=\"text-align: center;\"><span style=\"color: #3366ff;\"><a style=\"color: #3366ff;\" href=\"https:\/\/www.futboltotal.com.mx\/2017\/08\/bayern-pago-menos-allianz-arena-psg-neymar\/\">VER M\u00c1S: &#8220;Bayern pag\u00f3 menos por Allianz Arena que PSG por Neymar\u201d<\/a><\/span><\/p>\n<blockquote class=\"twitter-tweet\" data-width=\"500\">\n<p lang=\"es\" dir=\"ltr\">\u00a1CRACK! Entr\u00f3 a la cancha buscando a <a href=\"https:\/\/twitter.com\/hashtag\/Ronaldinho?src=hash\">#Ronaldinho<\/a>, no lo encontraba y fue detenido. SIN EMBARGO&#8230; \u2764\ufe0f\u2764\ufe0f\u2764\ufe0f <a href=\"https:\/\/t.co\/S90oFwaRTh\">pic.twitter.com\/S90oFwaRTh<\/a><\/p>\n<p>&mdash; Esto en L\u00ednea (@estoenlinea) <a href=\"https:\/\/twitter.com\/estoenlinea\/status\/895277055054561280\">August 9, 2017<\/a><\/p><\/blockquote>\n<p><script async src=\"\/\/platform.twitter.com\/widgets.js\" charset=\"utf-8\"><\/script><\/p>\n","protected":false},"excerpt":{"rendered":"<p>Ronaldinho sigue demostrando la calidad humana que tiene dentro y fuera de la cancha y tuvo un gran gesto con un aficionado que invadi\u00f3 la cancha en un partido que disputaba. El brasile\u00f1o, siempre sonriente, se mostr\u00f3 de una gran forma durante un amistoso en Costa Rica ante un aficionado que busc\u00f3 saludarlo en la [&hellip;]<\/p>\n","protected":false},"author":129,"featured_media":446507,"comment_status":"closed","ping_status":"closed","sticky":false,"template":"","format":"standard","meta":[],"categories":[3839,4],"tags":[5460,6214,5997],"_links":{"self":[{"href":"http:\/\/desarrollo.grupomedios.com\/futbol\/wp-json\/wp\/v2\/posts\/492909"}],"collection":[{"href":"http:\/\/desarrollo.grupomedios.com\/futbol\/wp-json\/wp\/v2\/posts"}],"about":[{"href":"http:\/\/desarrollo.grupomedios.com\/futbol\/wp-json\/wp\/v2\/types\/post"}],"author":[{"embeddable":true,"href":"http:\/\/desarrollo.grupomedios.com\/futbol\/wp-json\/wp\/v2\/users\/129"}],"replies":[{"embeddable":true,"href":"http:\/\/desarrollo.grupomedios.com\/futbol\/wp-json\/wp\/v2\/comments?post=492909"}],"version-history":[{"count":1,"href":"http:\/\/desarrollo.grupomedios.com\/futbol\/wp-json\/wp\/v2\/posts\/492909\/revisions"}],"predecessor-version":[{"id":492924,"href":"http:\/\/desarrollo.grupomedios.com\/futbol\/wp-json\/wp\/v2\/posts\/492909\/revisions\/492924"}],"wp:featuredmedia":[{"embeddable":true,"href":"http:\/\/desarrollo.grupomedios.com\/futbol\/wp-json\/wp\/v2\/media\/446507"}],"wp:attachment":[{"href":"http:\/\/desarrollo.grupomedios.com\/futbol\/wp-json\/wp\/v2\/media?parent=492909"}],"wp:term":[{"taxonomy":"category","embeddable":true,"href":"http:\/\/desarrollo.grupomedios.com\/futbol\/wp-json\/wp\/v2\/categories?post=492909"},{"taxonomy":"post_tag","embeddable":true,"href":"http:\/\/desarrollo.grupomedios.com\/futbol\/wp-json\/wp\/v2\/tags?post=492909"}],"curies":[{"name":"wp","href":"https:\/\/api.w.org\/{rel}","templated":true}]}}