{"id":492910,"date":"2017-08-09T09:46:03","date_gmt":"2017-08-09T14:46:03","guid":{"rendered":"https:\/\/www.futboltotal.com.mx\/?p=492910"},"modified":"2017-08-09T09:48:17","modified_gmt":"2017-08-09T14:48:17","slug":"tuca-ferretti-exploto-contra-arbitro-su-chingada-madre","status":"publish","type":"post","link":"http:\/\/desarrollo.grupomedios.com\/futbol\/futbol-mexicano\/tuca-ferretti-exploto-contra-arbitro-su-chingada-madre\/2017\/08","title":{"rendered":"Tuca Ferretti explot\u00f3 contra \u00e1rbitro: &#8220;Su ching&#8230; madre&#8221;"},"content":{"rendered":"<p>El t\u00e9cnico <strong>Ricardo Ferretti<\/strong> no cambia su pol\u00e9mica personalidad y en la Copa MX volvi\u00f3 a hacer de las suyas durante <a href=\"https:\/\/www.futboltotal.com.mx\/2017\/08\/cronica-resultado-zacatepec-2-1-tigres-copa-mx\/\" target=\"_blank\" rel=\"noopener noreferrer\"><span style=\"color: #333399;\">el duelo entre <strong>Tigres<\/strong> y <strong>Zacatepec<\/strong><\/span><\/a>, que termin\u00f3 con derrota de los felinos y la expulsi\u00f3n del <em><strong>Tuca<\/strong><\/em>, as\u00ed como una mentada de madre del t\u00e9cnico hacia el \u00e1rbitro.<\/p>\n<p>Todo inici\u00f3 al minuto 42, cuando el silbante\u00a0<strong>Mario Humberto Vargas<\/strong> amonest\u00f3 a <strong>Jair D\u00edaz<\/strong>, lo que caus\u00f3 la molestia del <em>Tuca<\/em>. El t\u00e9cnico reclam\u00f3 al \u00e1rbitro, pero a cambio se gan\u00f3 la expulsi\u00f3n y su reacci\u00f3n no tard\u00f3.<\/p>\n<p style=\"text-align: center;\"><a href=\"https:\/\/www.futboltotal.com.mx\/2017\/08\/el-gran-gesto-de-ronaldinho-con-un-fan-que-invadio-la-cancha\/\" target=\"_blank\" rel=\"noopener noreferrer\"><span style=\"color: #333399;\">VER M\u00c1S: El gran gesto de Ronaldinho con un fan que invadi\u00f3 la cancha<\/span><\/a><\/p>\n<p>Llevado por el enojo, <strong>Ferretti<\/strong> no dud\u00f3 en reclamar su descontento con el cuarto \u00e1rbitro, y al no conseguir revertir la decisi\u00f3n empieza a abandonar el campo, no sin antes insultar al colegiado central con la frase &#8220;su chingada madre&#8221;.<\/p>\n<p><iframe loading=\"lazy\" src=\"https:\/\/www.youtube.com\/embed\/nNSPWthXLQQ\" frameborder=\"0\" allowfullscreen=\"allowfullscreen\"><\/iframe><\/p>\n<p>Pese a que en el reporte arbitral de este juego no qued\u00f3 asentado el insulto, esta acci\u00f3n podr\u00eda significar para el <em>Tuca<\/em> recibir una suspensi\u00f3n de dos a tres juegos adem\u00e1s de una sanci\u00f3n econ\u00f3mica.<\/p>\n","protected":false},"excerpt":{"rendered":"<p>El t\u00e9cnico de los Tigres no cambia su pol\u00e9mica personalidad.<\/p>\n","protected":false},"author":20,"featured_media":492911,"comment_status":"closed","ping_status":"closed","sticky":false,"template":"","format":"standard","meta":[],"categories":[4247,2198],"tags":[104,5973,1458],"_links":{"self":[{"href":"http:\/\/desarrollo.grupomedios.com\/futbol\/wp-json\/wp\/v2\/posts\/492910"}],"collection":[{"href":"http:\/\/desarrollo.grupomedios.com\/futbol\/wp-json\/wp\/v2\/posts"}],"about":[{"href":"http:\/\/desarrollo.grupomedios.com\/futbol\/wp-json\/wp\/v2\/types\/post"}],"author":[{"embeddable":true,"href":"http:\/\/desarrollo.grupomedios.com\/futbol\/wp-json\/wp\/v2\/users\/20"}],"replies":[{"embeddable":true,"href":"http:\/\/desarrollo.grupomedios.com\/futbol\/wp-json\/wp\/v2\/comments?post=492910"}],"version-history":[{"count":1,"href":"http:\/\/desarrollo.grupomedios.com\/futbol\/wp-json\/wp\/v2\/posts\/492910\/revisions"}],"predecessor-version":[{"id":492926,"href":"http:\/\/desarrollo.grupomedios.com\/futbol\/wp-json\/wp\/v2\/posts\/492910\/revisions\/492926"}],"wp:featuredmedia":[{"embeddable":true,"href":"http:\/\/desarrollo.grupomedios.com\/futbol\/wp-json\/wp\/v2\/media\/492911"}],"wp:attachment":[{"href":"http:\/\/desarrollo.grupomedios.com\/futbol\/wp-json\/wp\/v2\/media?parent=492910"}],"wp:term":[{"taxonomy":"category","embeddable":true,"href":"http:\/\/desarrollo.grupomedios.com\/futbol\/wp-json\/wp\/v2\/categories?post=492910"},{"taxonomy":"post_tag","embeddable":true,"href":"http:\/\/desarrollo.grupomedios.com\/futbol\/wp-json\/wp\/v2\/tags?post=492910"}],"curies":[{"name":"wp","href":"https:\/\/api.w.org\/{rel}","templated":true}]}}