{"id":492940,"date":"2017-08-09T11:41:34","date_gmt":"2017-08-09T16:41:34","guid":{"rendered":"https:\/\/www.futboltotal.com.mx\/?p=492940"},"modified":"2017-08-09T11:41:34","modified_gmt":"2017-08-09T16:41:34","slug":"luka-modric-se-perdera-duelo-ante-barcelona","status":"publish","type":"post","link":"http:\/\/desarrollo.grupomedios.com\/futbol\/futbol-internacional\/luka-modric-se-perdera-duelo-ante-barcelona\/2017\/08","title":{"rendered":"Luka Modric se perder\u00e1 duelo ante Barcelona"},"content":{"rendered":"<p>Luka Modric no podr\u00e1 disputar la ida de la\u00a0<strong>Supercopa de Espa\u00f1a\u00a0<\/strong>entre el <strong>Real Madrid<\/strong> y <strong>Barcelona<\/strong>.<\/p>\n<p>Todo se debe a una sanci\u00f3n que acarrea el futbolista desde 2014, cuando fue expulsado por doble amonestaci\u00f3n\u00a0en\u00a0la Supercopa de Espa\u00f1a contra el <strong>Atl\u00e9tico de Madrid<\/strong>.<\/p>\n<p style=\"text-align: center;\"><span style=\"color: #333399;\"><a style=\"color: #333399;\" href=\"https:\/\/www.futboltotal.com.mx\/2017\/08\/las-palabras-de-chicharito-sobre-la-llegada-de-vela-a-la-mls\/\" target=\"_blank\" rel=\"noopener noreferrer\">VER M\u00c1S: Chicharito habla sobre la llegada de Vela a la MLS<\/a><\/span><\/p>\n<p>Tres a\u00f1os despu\u00e9s, deber\u00e1 cumplir su sanci\u00f3n, pues Real Madrid no hab\u00eda vuelto a disputar este trofeo. De acuerdo con el reglamento, la sanci\u00f3n qued\u00f3 en suspenso por tratarse de una doble amarilla, pues de haber sido una roja directa, habr\u00eda cumplido la sanci\u00f3n\u00a0en el siguiente partido de Liga.<\/p>\n<p style=\"text-align: center;\"><span style=\"color: #333399;\"><a style=\"color: #333399;\" href=\"https:\/\/www.futboltotal.com.mx\/2017\/08\/hector-moreno-revela-idolo\/\" target=\"_blank\" rel=\"noopener noreferrer\">VER M\u00c1S: H\u00e9ctor Moreno revela qui\u00e9n es su \u00eddolo<\/a><\/span><\/p>\n<p><iframe loading=\"lazy\" src=\"https:\/\/www.youtube.com\/embed\/HOK5sJMmBog?feature=oembed\" frameborder=\"0\" allowfullscreen><\/iframe><\/p>\n<p>&nbsp;<\/p>\n","protected":false},"excerpt":{"rendered":"<p>El mediocampista se perder\u00e1 el partido de ida ante los blaugranas<\/p>\n","protected":false},"author":20,"featured_media":480410,"comment_status":"closed","ping_status":"closed","sticky":false,"template":"","format":"standard","meta":[],"categories":[3839],"tags":[5984,477,5988,299],"_links":{"self":[{"href":"http:\/\/desarrollo.grupomedios.com\/futbol\/wp-json\/wp\/v2\/posts\/492940"}],"collection":[{"href":"http:\/\/desarrollo.grupomedios.com\/futbol\/wp-json\/wp\/v2\/posts"}],"about":[{"href":"http:\/\/desarrollo.grupomedios.com\/futbol\/wp-json\/wp\/v2\/types\/post"}],"author":[{"embeddable":true,"href":"http:\/\/desarrollo.grupomedios.com\/futbol\/wp-json\/wp\/v2\/users\/20"}],"replies":[{"embeddable":true,"href":"http:\/\/desarrollo.grupomedios.com\/futbol\/wp-json\/wp\/v2\/comments?post=492940"}],"version-history":[{"count":1,"href":"http:\/\/desarrollo.grupomedios.com\/futbol\/wp-json\/wp\/v2\/posts\/492940\/revisions"}],"predecessor-version":[{"id":492943,"href":"http:\/\/desarrollo.grupomedios.com\/futbol\/wp-json\/wp\/v2\/posts\/492940\/revisions\/492943"}],"wp:featuredmedia":[{"embeddable":true,"href":"http:\/\/desarrollo.grupomedios.com\/futbol\/wp-json\/wp\/v2\/media\/480410"}],"wp:attachment":[{"href":"http:\/\/desarrollo.grupomedios.com\/futbol\/wp-json\/wp\/v2\/media?parent=492940"}],"wp:term":[{"taxonomy":"category","embeddable":true,"href":"http:\/\/desarrollo.grupomedios.com\/futbol\/wp-json\/wp\/v2\/categories?post=492940"},{"taxonomy":"post_tag","embeddable":true,"href":"http:\/\/desarrollo.grupomedios.com\/futbol\/wp-json\/wp\/v2\/tags?post=492940"}],"curies":[{"name":"wp","href":"https:\/\/api.w.org\/{rel}","templated":true}]}}