{"id":492948,"date":"2017-08-09T12:38:11","date_gmt":"2017-08-09T17:38:11","guid":{"rendered":"https:\/\/www.futboltotal.com.mx\/?p=492948"},"modified":"2017-08-09T12:38:11","modified_gmt":"2017-08-09T17:38:11","slug":"gary-medel-deja-al-inter-y-ya-tendria-nuevo-equipo","status":"publish","type":"post","link":"http:\/\/desarrollo.grupomedios.com\/futbol\/futbol-internacional\/gary-medel-deja-al-inter-y-ya-tendria-nuevo-equipo\/2017\/08","title":{"rendered":"Gary Medel deja al Inter y ya tendr\u00eda nuevo equipo"},"content":{"rendered":"<p><strong>Gary Medel<\/strong> ya se habr\u00eda deslindado por completo del <strong>Inter de Milan<\/strong>, pues recogi\u00f3 este mi\u00e9rcoles sus cosas\u00a0del campo de entrenamiento de los italianos.<\/p>\n<p>De acuerdo con<em> Sky Sports<\/em>, el chileno ser\u00eda nuevo futbolista del <strong>Besiktas de Turqu\u00eda.<\/strong> Los italianos habr\u00edan aceptado el acuerdo de 4 millones de euros por el defensor de 30 a\u00f1os.<\/p>\n<p style=\"text-align: center;\"><span style=\"color: #333399;\"><a style=\"color: #333399;\" href=\"https:\/\/www.futboltotal.com.mx\/2017\/08\/santos-quiere-estadio-sea-sede-mundial-2026\/\" target=\"_blank\" rel=\"noopener noreferrer\">VER M\u00c1S: Santos quiere que su estadio sea sede de Mundial 2026<\/a><\/span><\/p>\n<p>El director deportivo del Besiktas,\u00a0<strong>Eldar Torunogullari<\/strong>, ya hab\u00eda confirmado el inter\u00e9s por el futbolista chileno<\/p>\n<blockquote><p>&#8220;Esperamos cerrar pronto el fichaje de Gary Medel. Sabemos la importancia que tiene para la selecci\u00f3n chilena y la gran campa\u00f1a que ha hecho en Inter de Mil\u00e1n. Es un jugador que nos interesa mucho\u201d, dijo.<\/p><\/blockquote>\n<p style=\"text-align: center;\"><span style=\"color: #333399;\"><a style=\"color: #333399;\" href=\"https:\/\/www.futboltotal.com.mx\/2017\/08\/las-palabras-de-chicharito-sobre-la-llegada-de-vela-a-la-mls\/\" target=\"_blank\" rel=\"noopener noreferrer\">VER M\u00c1S: Chicharito habla sobre la llegada de Vela a la MLS<\/a><\/span><\/p>\n","protected":false},"excerpt":{"rendered":"<p>El mediocampista chileno seguir\u00eda jugando en Europa<\/p>\n","protected":false},"author":20,"featured_media":486932,"comment_status":"closed","ping_status":"closed","sticky":false,"template":"","format":"standard","meta":[],"categories":[3839],"tags":[5773,9260,227],"_links":{"self":[{"href":"http:\/\/desarrollo.grupomedios.com\/futbol\/wp-json\/wp\/v2\/posts\/492948"}],"collection":[{"href":"http:\/\/desarrollo.grupomedios.com\/futbol\/wp-json\/wp\/v2\/posts"}],"about":[{"href":"http:\/\/desarrollo.grupomedios.com\/futbol\/wp-json\/wp\/v2\/types\/post"}],"author":[{"embeddable":true,"href":"http:\/\/desarrollo.grupomedios.com\/futbol\/wp-json\/wp\/v2\/users\/20"}],"replies":[{"embeddable":true,"href":"http:\/\/desarrollo.grupomedios.com\/futbol\/wp-json\/wp\/v2\/comments?post=492948"}],"version-history":[{"count":1,"href":"http:\/\/desarrollo.grupomedios.com\/futbol\/wp-json\/wp\/v2\/posts\/492948\/revisions"}],"predecessor-version":[{"id":492951,"href":"http:\/\/desarrollo.grupomedios.com\/futbol\/wp-json\/wp\/v2\/posts\/492948\/revisions\/492951"}],"wp:featuredmedia":[{"embeddable":true,"href":"http:\/\/desarrollo.grupomedios.com\/futbol\/wp-json\/wp\/v2\/media\/486932"}],"wp:attachment":[{"href":"http:\/\/desarrollo.grupomedios.com\/futbol\/wp-json\/wp\/v2\/media?parent=492948"}],"wp:term":[{"taxonomy":"category","embeddable":true,"href":"http:\/\/desarrollo.grupomedios.com\/futbol\/wp-json\/wp\/v2\/categories?post=492948"},{"taxonomy":"post_tag","embeddable":true,"href":"http:\/\/desarrollo.grupomedios.com\/futbol\/wp-json\/wp\/v2\/tags?post=492948"}],"curies":[{"name":"wp","href":"https:\/\/api.w.org\/{rel}","templated":true}]}}