{"id":492959,"date":"2017-08-09T12:20:33","date_gmt":"2017-08-09T17:20:33","guid":{"rendered":"https:\/\/www.futboltotal.com.mx\/?p=492959"},"modified":"2017-08-09T14:32:55","modified_gmt":"2017-08-09T19:32:55","slug":"los-10-jugadores-fueron-vinculados-narcotrafico","status":"publish","type":"post","link":"http:\/\/desarrollo.grupomedios.com\/futbol\/destacado-home\/los-10-jugadores-fueron-vinculados-narcotrafico\/2017\/08","title":{"rendered":"Los 10 jugadores que fueron vinculados con el Narco"},"content":{"rendered":"<p>Este d\u00eda, el gobierno de Estados Unidos <span style=\"color: #3366ff;\"><a style=\"color: #3366ff;\" href=\"https:\/\/www.futboltotal.com.mx\/2017\/08\/acusan-a-rafael-marquez-de-vinculos-con-el-narcotrafico\/\" target=\"_blank\" rel=\"noopener noreferrer\">acus\u00f3 al defensa mexicano Rafael M\u00e1rquez<\/a><\/span> de estar vinculado con el narcotr\u00e1fico y lo acus\u00f3 de prestanombres con nueve de sus empresas.<\/p>\n<p>Pero esta no es la primera vez que se vincula a un futbolista con los negocios il\u00edcitos y lavado de dinero, por ello en <strong>Futbol Total<\/strong> hemos decidido presentarte a <strong>Los 10 jugadores que fueron vinculados con el Narcotr\u00e1fico<\/strong>.<\/p>\n<p style=\"text-align: center;\"><span style=\"color: #3366ff;\"><a style=\"color: #3366ff;\" href=\"https:\/\/www.futboltotal.com.mx\/2017\/08\/acusan-a-rafael-marquez-de-vinculos-con-el-narcotrafico\/\">VER M\u00c1S: Acusan a Rafael M\u00e1rquez de v\u00ednculos con el narco<\/a><\/span><\/p>\n<p><script type=\"text\/javascript\" src=\"\/\/cdn.playbuzz.com\/widget\/feed.js\"><\/script><\/p>\n<div class=\"pb_feed\" data-embed-by=\"d43f3879-83ed-40bc-99d7-fde80605466f\" data-item=\"bd9b6e55-ef12-4d05-900a-b354ff528fe2\" data-recommend=\"false\" data-game-info=\"false\" data-comments=\"false\" data-shares=\"false\" data-version=\"2\"><\/div>\n","protected":false},"excerpt":{"rendered":"<p>Estos jugadores tambi\u00e9n fueron acusados.<\/p>\n","protected":false},"author":20,"featured_media":492966,"comment_status":"closed","ping_status":"closed","sticky":false,"template":"","format":"standard","meta":[],"categories":[5,3839],"tags":[9686,9685,6033],"_links":{"self":[{"href":"http:\/\/desarrollo.grupomedios.com\/futbol\/wp-json\/wp\/v2\/posts\/492959"}],"collection":[{"href":"http:\/\/desarrollo.grupomedios.com\/futbol\/wp-json\/wp\/v2\/posts"}],"about":[{"href":"http:\/\/desarrollo.grupomedios.com\/futbol\/wp-json\/wp\/v2\/types\/post"}],"author":[{"embeddable":true,"href":"http:\/\/desarrollo.grupomedios.com\/futbol\/wp-json\/wp\/v2\/users\/20"}],"replies":[{"embeddable":true,"href":"http:\/\/desarrollo.grupomedios.com\/futbol\/wp-json\/wp\/v2\/comments?post=492959"}],"version-history":[{"count":1,"href":"http:\/\/desarrollo.grupomedios.com\/futbol\/wp-json\/wp\/v2\/posts\/492959\/revisions"}],"predecessor-version":[{"id":492969,"href":"http:\/\/desarrollo.grupomedios.com\/futbol\/wp-json\/wp\/v2\/posts\/492959\/revisions\/492969"}],"wp:featuredmedia":[{"embeddable":true,"href":"http:\/\/desarrollo.grupomedios.com\/futbol\/wp-json\/wp\/v2\/media\/492966"}],"wp:attachment":[{"href":"http:\/\/desarrollo.grupomedios.com\/futbol\/wp-json\/wp\/v2\/media?parent=492959"}],"wp:term":[{"taxonomy":"category","embeddable":true,"href":"http:\/\/desarrollo.grupomedios.com\/futbol\/wp-json\/wp\/v2\/categories?post=492959"},{"taxonomy":"post_tag","embeddable":true,"href":"http:\/\/desarrollo.grupomedios.com\/futbol\/wp-json\/wp\/v2\/tags?post=492959"}],"curies":[{"name":"wp","href":"https:\/\/api.w.org\/{rel}","templated":true}]}}