{"id":492967,"date":"2017-08-09T14:32:55","date_gmt":"2017-08-09T19:32:55","guid":{"rendered":"https:\/\/www.futboltotal.com.mx\/?p=492967"},"modified":"2017-08-09T14:32:55","modified_gmt":"2017-08-09T19:32:55","slug":"eintracht-frankfurt-perdera-dos-meses-a-marco-fabian","status":"publish","type":"post","link":"http:\/\/desarrollo.grupomedios.com\/futbol\/futbol-internacional\/eintracht-frankfurt-perdera-dos-meses-a-marco-fabian\/2017\/08","title":{"rendered":"Eintracht Frankfurt perder\u00e1 dos meses a Marco Fabi\u00e1n"},"content":{"rendered":"<p>El <a href=\"https:\/\/www.futboltotal.com.mx\/2017\/08\/bundesliga-presume-la-fiesta-mexicana-del-eintracht-frankfurt\/\" target=\"_blank\" rel=\"noopener noreferrer\"><span style=\"color: #333399;\"><strong>Eintracht Frankfurt<\/strong><\/span><\/a> de la <a href=\"https:\/\/www.futboltotal.com.mx\/2017\/08\/pavel-pardo-incluido-en-las-leyendas-de-la-bundesliga\/\" target=\"_blank\" rel=\"noopener noreferrer\"><span style=\"color: #333399;\"><strong>Bundesliga<\/strong><\/span><\/a> dio a conocer que perder\u00e1 a <a href=\"https:\/\/www.futboltotal.com.mx\/2017\/08\/marco-fabian-tuvo-oferta-futbol-china\/\" target=\"_blank\" rel=\"noopener noreferrer\"><span style=\"color: #333399;\"><strong>Marco Fabi\u00e1n<\/strong><\/span><\/a> por dos meses, debido a que el jugador mexicano contin\u00faa con problemas de espalda, por lo que tendr\u00e1 que llevar a cabo su rehabilitaci\u00f3n con un especialista.<\/p>\n<p style=\"text-align: center;\"><a href=\"https:\/\/www.futboltotal.com.mx\/2017\/08\/neymar-demandaria-al-barcelona\/\" target=\"_blank\" rel=\"noopener noreferrer\"><span style=\"color: #333399;\">VER M\u00c1S:\u00a0Neymar demandar\u00eda al Barcelona<\/span><\/a><\/p>\n<p>\u201cLamentamos mucho la p\u00e9rdida de Marco y esperamos su pronto regreso. Durante el periodo de tratamiento lo vamos a apoyar con tal de colaborar a una pronta recuperaci\u00f3n\u201d, declar\u00f3 el presidente deportivo del conjunto alem\u00e1n, <strong>Fredi Bobic.<\/strong><\/p>\n<p style=\"text-align: center;\"><a href=\"https:\/\/www.futboltotal.com.mx\/2017\/08\/nba-anuncio-juegos-nets-thunder-heat-mexico\/\" target=\"_blank\" rel=\"noopener noreferrer\"><span style=\"color: #333399;\">VER M\u00c1S:\u00a0NBA anunci\u00f3 juegos de Nets ante Thunder y Heat en M\u00e9xico<\/span><\/a><\/p>\n<p>El problema que viene acarreando <em>Marquito<\/em> es un tema cr\u00f3nico que lo alej\u00f3 de las canchas a principios de 2017, situaci\u00f3n que incluso lo hizo pensar en el retiro.<\/p>\n","protected":false},"excerpt":{"rendered":"<p>Marco Fabi\u00e1n deber\u00e1 tomar rehabilitaci\u00f3n con un especialista<\/p>\n","protected":false},"author":20,"featured_media":451874,"comment_status":"closed","ping_status":"closed","sticky":false,"template":"","format":"standard","meta":[],"categories":[3839,6718],"tags":[119,9071,131],"_links":{"self":[{"href":"http:\/\/desarrollo.grupomedios.com\/futbol\/wp-json\/wp\/v2\/posts\/492967"}],"collection":[{"href":"http:\/\/desarrollo.grupomedios.com\/futbol\/wp-json\/wp\/v2\/posts"}],"about":[{"href":"http:\/\/desarrollo.grupomedios.com\/futbol\/wp-json\/wp\/v2\/types\/post"}],"author":[{"embeddable":true,"href":"http:\/\/desarrollo.grupomedios.com\/futbol\/wp-json\/wp\/v2\/users\/20"}],"replies":[{"embeddable":true,"href":"http:\/\/desarrollo.grupomedios.com\/futbol\/wp-json\/wp\/v2\/comments?post=492967"}],"version-history":[{"count":1,"href":"http:\/\/desarrollo.grupomedios.com\/futbol\/wp-json\/wp\/v2\/posts\/492967\/revisions"}],"predecessor-version":[{"id":492968,"href":"http:\/\/desarrollo.grupomedios.com\/futbol\/wp-json\/wp\/v2\/posts\/492967\/revisions\/492968"}],"wp:featuredmedia":[{"embeddable":true,"href":"http:\/\/desarrollo.grupomedios.com\/futbol\/wp-json\/wp\/v2\/media\/451874"}],"wp:attachment":[{"href":"http:\/\/desarrollo.grupomedios.com\/futbol\/wp-json\/wp\/v2\/media?parent=492967"}],"wp:term":[{"taxonomy":"category","embeddable":true,"href":"http:\/\/desarrollo.grupomedios.com\/futbol\/wp-json\/wp\/v2\/categories?post=492967"},{"taxonomy":"post_tag","embeddable":true,"href":"http:\/\/desarrollo.grupomedios.com\/futbol\/wp-json\/wp\/v2\/tags?post=492967"}],"curies":[{"name":"wp","href":"https:\/\/api.w.org\/{rel}","templated":true}]}}