{"id":492975,"date":"2017-08-09T15:42:23","date_gmt":"2017-08-09T20:42:23","guid":{"rendered":"https:\/\/www.futboltotal.com.mx\/?p=492975"},"modified":"2017-08-09T15:42:23","modified_gmt":"2017-08-09T20:42:23","slug":"conoce-el-nuevo-numero-que-usara-dybala-en-la-juventus","status":"publish","type":"post","link":"http:\/\/desarrollo.grupomedios.com\/futbol\/futbol-internacional\/conoce-el-nuevo-numero-que-usara-dybala-en-la-juventus\/2017\/08","title":{"rendered":"Conoce el nuevo n\u00famero que usar\u00e1 Dybala en la Juventus"},"content":{"rendered":"<p>Ante los rumores de su posible salida al Barcelona, parece que <strong>Paulo Dybala<\/strong> ha dado carpetazo al tema y est\u00e1 listo para ser la pr\u00f3xima estrella de la <strong>Juventus<\/strong>.<\/p>\n<p>El delantero argentino tendr\u00e1 una nueva camiseta y pasar\u00e1 a usar el dorsal que dej\u00f3 vacante hace un par de a\u00f1os el franc\u00e9s Paul Pogba tras su paso al Manchester United.<\/p>\n<p><strong>Dybala<\/strong> ser\u00e1 portador del n\u00famero 10 de la <strong>Juventus<\/strong> y buscar\u00e1 llevar al equipo bianconerri a la gloria durante una temporada m\u00e1s, donde el m\u00e1ximo objetivo ser\u00e1 ganar la <strong>Champions League<\/strong>.<\/p>\n<p style=\"text-align: center;\"><span style=\"color: #3366ff;\"><a style=\"color: #3366ff;\" href=\"https:\/\/www.futboltotal.com.mx\/2017\/08\/los-10-jugadores-fueron-vinculados-narcotrafico\/\">VER M\u00c1S: Los 10 jugadores que fueron vinculados con el Narco<\/a><\/span><\/p>\n<p>https:\/\/twitter.com\/ElTunelOficial\/status\/895356111397822465<\/p>\n","protected":false},"excerpt":{"rendered":"<p>El argentino estrenar\u00e1 n\u00famero con la Juve.<\/p>\n","protected":false},"author":20,"featured_media":473810,"comment_status":"closed","ping_status":"closed","sticky":false,"template":"","format":"standard","meta":[],"categories":[3839],"tags":[6214,5999,6669],"_links":{"self":[{"href":"http:\/\/desarrollo.grupomedios.com\/futbol\/wp-json\/wp\/v2\/posts\/492975"}],"collection":[{"href":"http:\/\/desarrollo.grupomedios.com\/futbol\/wp-json\/wp\/v2\/posts"}],"about":[{"href":"http:\/\/desarrollo.grupomedios.com\/futbol\/wp-json\/wp\/v2\/types\/post"}],"author":[{"embeddable":true,"href":"http:\/\/desarrollo.grupomedios.com\/futbol\/wp-json\/wp\/v2\/users\/20"}],"replies":[{"embeddable":true,"href":"http:\/\/desarrollo.grupomedios.com\/futbol\/wp-json\/wp\/v2\/comments?post=492975"}],"version-history":[{"count":1,"href":"http:\/\/desarrollo.grupomedios.com\/futbol\/wp-json\/wp\/v2\/posts\/492975\/revisions"}],"predecessor-version":[{"id":492997,"href":"http:\/\/desarrollo.grupomedios.com\/futbol\/wp-json\/wp\/v2\/posts\/492975\/revisions\/492997"}],"wp:featuredmedia":[{"embeddable":true,"href":"http:\/\/desarrollo.grupomedios.com\/futbol\/wp-json\/wp\/v2\/media\/473810"}],"wp:attachment":[{"href":"http:\/\/desarrollo.grupomedios.com\/futbol\/wp-json\/wp\/v2\/media?parent=492975"}],"wp:term":[{"taxonomy":"category","embeddable":true,"href":"http:\/\/desarrollo.grupomedios.com\/futbol\/wp-json\/wp\/v2\/categories?post=492975"},{"taxonomy":"post_tag","embeddable":true,"href":"http:\/\/desarrollo.grupomedios.com\/futbol\/wp-json\/wp\/v2\/tags?post=492975"}],"curies":[{"name":"wp","href":"https:\/\/api.w.org\/{rel}","templated":true}]}}