{"id":492983,"date":"2017-08-09T15:14:02","date_gmt":"2017-08-09T20:14:02","guid":{"rendered":"https:\/\/www.futboltotal.com.mx\/?p=492983"},"modified":"2017-08-09T15:14:02","modified_gmt":"2017-08-09T20:14:02","slug":"julian-quinones-baja-cuatro-semanas-con-lobos-buap","status":"publish","type":"post","link":"http:\/\/desarrollo.grupomedios.com\/futbol\/futbol-mexicano\/julian-quinones-baja-cuatro-semanas-con-lobos-buap\/2017\/08","title":{"rendered":"Juli\u00e1n Qui\u00f1ones es baja por cuatro semanas"},"content":{"rendered":"<p><strong>Juli\u00e1n Qui\u00f1ones<\/strong> no estar\u00e1 presente con <strong>Lobos BUAP<\/strong> durante cuatro semanas, despu\u00e9s de haber sido operado de la mano, a causa de la trifulca y forcejeo que tuvo con su ex compa\u00f1ero <strong>William Palacios<\/strong>.<\/p>\n<p>El t\u00e9cnico de Lobos BUAP, Rafa Puente Jr., afirm\u00f3 que Qui\u00f1ones ser\u00e1 baja y no estar\u00e1 en dos de los duelos m\u00e1s importantes del torneo, contra <strong>Pumas<\/strong> (jornada 4) y <strong>Am\u00e9rica<\/strong> (jornada 5).<\/p>\n<p style=\"text-align: center;\"><span style=\"color: #333399;\"><a style=\"color: #333399;\" href=\"https:\/\/www.futboltotal.com.mx\/2017\/08\/jugador-dado-de-baja-por-lobos-jugara-en-peru\/\">VER M\u00c1S: <span class=\"item-title\">Jugador que fue dado de baja por Lobos jugar\u00e1 en Per\u00fa<\/span><\/a><\/span><\/p>\n<p>Puente del R\u00edo dej\u00f3 claro que la titularidad con Qui\u00f1ones no ser\u00e1 segura cuando se recupere de su operaci\u00f3n. &#8220;El jugador se va a tener que ganar su lugar en el once titular, eso ha quedado claro con la directiva&#8221;.<\/p>\n<p>El entrenador de los lic\u00e1ntropos destac\u00f3 que el peruano Luis Adv\u00edncula sali\u00f3 con una ligera lesi\u00f3n en la rodilla derecha, pero prev\u00e9 que pueda estar listo para el juego contra los auriazules del pr\u00f3ximo domingo.<\/p>\n<p style=\"text-align: center;\"><span style=\"color: #333399;\">VER M\u00c1S: <span class=\"item-title\">Rafa Puente defiende a su hijo sobre caso William Palacios<\/span><\/span><\/p>\n<p>&nbsp;<\/p>\n","protected":false},"excerpt":{"rendered":"<p>Lobos BUAP no contar\u00e1 con su goleador para los juegos contra Pumas y Am\u00e9rica<\/p>\n","protected":false},"author":20,"featured_media":492987,"comment_status":"closed","ping_status":"closed","sticky":false,"template":"","format":"standard","meta":[],"categories":[2198,3845],"tags":[9642,431,8626],"_links":{"self":[{"href":"http:\/\/desarrollo.grupomedios.com\/futbol\/wp-json\/wp\/v2\/posts\/492983"}],"collection":[{"href":"http:\/\/desarrollo.grupomedios.com\/futbol\/wp-json\/wp\/v2\/posts"}],"about":[{"href":"http:\/\/desarrollo.grupomedios.com\/futbol\/wp-json\/wp\/v2\/types\/post"}],"author":[{"embeddable":true,"href":"http:\/\/desarrollo.grupomedios.com\/futbol\/wp-json\/wp\/v2\/users\/20"}],"replies":[{"embeddable":true,"href":"http:\/\/desarrollo.grupomedios.com\/futbol\/wp-json\/wp\/v2\/comments?post=492983"}],"version-history":[{"count":1,"href":"http:\/\/desarrollo.grupomedios.com\/futbol\/wp-json\/wp\/v2\/posts\/492983\/revisions"}],"predecessor-version":[{"id":492988,"href":"http:\/\/desarrollo.grupomedios.com\/futbol\/wp-json\/wp\/v2\/posts\/492983\/revisions\/492988"}],"wp:featuredmedia":[{"embeddable":true,"href":"http:\/\/desarrollo.grupomedios.com\/futbol\/wp-json\/wp\/v2\/media\/492987"}],"wp:attachment":[{"href":"http:\/\/desarrollo.grupomedios.com\/futbol\/wp-json\/wp\/v2\/media?parent=492983"}],"wp:term":[{"taxonomy":"category","embeddable":true,"href":"http:\/\/desarrollo.grupomedios.com\/futbol\/wp-json\/wp\/v2\/categories?post=492983"},{"taxonomy":"post_tag","embeddable":true,"href":"http:\/\/desarrollo.grupomedios.com\/futbol\/wp-json\/wp\/v2\/tags?post=492983"}],"curies":[{"name":"wp","href":"https:\/\/api.w.org\/{rel}","templated":true}]}}