{"id":492989,"date":"2017-08-09T15:56:03","date_gmt":"2017-08-09T20:56:03","guid":{"rendered":"https:\/\/www.futboltotal.com.mx\/?p=492989"},"modified":"2017-08-09T15:56:03","modified_gmt":"2017-08-09T20:56:03","slug":"rafa-marquez-provoca-atlas-no-se-tome-la-foto-oficial","status":"publish","type":"post","link":"http:\/\/desarrollo.grupomedios.com\/futbol\/futbol-mexicano\/rafa-marquez-provoca-atlas-no-se-tome-la-foto-oficial\/2017\/08","title":{"rendered":"Rafa M\u00e1rquez provoca que Atlas no se tome la foto oficial"},"content":{"rendered":"<p>El <strong>Atlas<\/strong> ten\u00eda planeado tomarse este mi\u00e9rcoles la fotograf\u00eda oficial del Apertura 2017, pero la situaci\u00f3n de <strong>Rafa M\u00e1rquez<\/strong> con la justicia de los Estados Unidos ha evitado que esto pudiera realizarse.<\/p>\n<p>Rafa M\u00e1rquez no estuvo presente en el entrenamiento de este d\u00eda, despu\u00e9s de darse a conocer la acusaci\u00f3n del Departamento del Tesoro de los Estados Unidos sobre el &#8216;k\u00e1iser&#8217; mexicano por ser &#8216;prestanombres&#8217; de gente del narcotr\u00e1fico como Ra\u00fal Flores Hern\u00e1ndez.<\/p>\n<p>El equipo atlista se prepar\u00f3 en las instalaciones del estadio Jalisco para su duelo del pr\u00f3ximo viernes contra las \u00c1guilas del Am\u00e9rica.<\/p>\n<p style=\"text-align: center;\"><span style=\"color: #333399;\"><a style=\"color: #333399;\" href=\"https:\/\/www.futboltotal.com.mx\/2017\/08\/acusan-a-rafael-marquez-de-vinculos-con-el-narcotrafico\/\">VER M\u00c1S: <span class=\"item-title\">Acusan a Rafael M\u00e1rquez de v\u00ednculos con el narco<\/span><\/a><\/span><\/p>\n<p>&nbsp;<\/p>\n<p>&nbsp;<\/p>\n","protected":false},"excerpt":{"rendered":"<p>Los rojinegros preparan el partido contra las \u00c1guilas<\/p>\n","protected":false},"author":20,"featured_media":493000,"comment_status":"closed","ping_status":"closed","sticky":false,"template":"","format":"standard","meta":[],"categories":[2198,3845],"tags":[5961,4358],"_links":{"self":[{"href":"http:\/\/desarrollo.grupomedios.com\/futbol\/wp-json\/wp\/v2\/posts\/492989"}],"collection":[{"href":"http:\/\/desarrollo.grupomedios.com\/futbol\/wp-json\/wp\/v2\/posts"}],"about":[{"href":"http:\/\/desarrollo.grupomedios.com\/futbol\/wp-json\/wp\/v2\/types\/post"}],"author":[{"embeddable":true,"href":"http:\/\/desarrollo.grupomedios.com\/futbol\/wp-json\/wp\/v2\/users\/20"}],"replies":[{"embeddable":true,"href":"http:\/\/desarrollo.grupomedios.com\/futbol\/wp-json\/wp\/v2\/comments?post=492989"}],"version-history":[{"count":1,"href":"http:\/\/desarrollo.grupomedios.com\/futbol\/wp-json\/wp\/v2\/posts\/492989\/revisions"}],"predecessor-version":[{"id":493001,"href":"http:\/\/desarrollo.grupomedios.com\/futbol\/wp-json\/wp\/v2\/posts\/492989\/revisions\/493001"}],"wp:featuredmedia":[{"embeddable":true,"href":"http:\/\/desarrollo.grupomedios.com\/futbol\/wp-json\/wp\/v2\/media\/493000"}],"wp:attachment":[{"href":"http:\/\/desarrollo.grupomedios.com\/futbol\/wp-json\/wp\/v2\/media?parent=492989"}],"wp:term":[{"taxonomy":"category","embeddable":true,"href":"http:\/\/desarrollo.grupomedios.com\/futbol\/wp-json\/wp\/v2\/categories?post=492989"},{"taxonomy":"post_tag","embeddable":true,"href":"http:\/\/desarrollo.grupomedios.com\/futbol\/wp-json\/wp\/v2\/tags?post=492989"}],"curies":[{"name":"wp","href":"https:\/\/api.w.org\/{rel}","templated":true}]}}