{"id":492990,"date":"2017-08-09T15:38:19","date_gmt":"2017-08-09T20:38:19","guid":{"rendered":"https:\/\/www.futboltotal.com.mx\/?p=492990"},"modified":"2017-08-09T15:38:19","modified_gmt":"2017-08-09T20:38:19","slug":"tecatito-herrera-participan-en-goleada-porto","status":"publish","type":"post","link":"http:\/\/desarrollo.grupomedios.com\/futbol\/futbol-internacional\/tecatito-herrera-participan-en-goleada-porto\/2017\/08","title":{"rendered":"Tecatito y Herrera participan en goleada de Porto"},"content":{"rendered":"<p>El<strong> Porto<\/strong> de se estren\u00f3 en la Liga lusa goleando por 4-0 al Estoril, que no pudo ante el empuje de los &#8220;dragones&#8221;.<\/p>\n<p>El Porto, que jug\u00f3 en casa ante un estadio lleno, deleit\u00f3 a los aficionados con el doblete del franc\u00e9s <strong>Moussa Marega<\/strong> (en el minuto 34 y 62) y los tantos del argelino <strong>Brahimi<\/strong>, en el 54 y del espa\u00f1ol <strong>Iv\u00e1n Marcano<\/strong>, en el 70.<\/p>\n<p>La presi\u00f3n para los del Estoril comenz\u00f3 justo despu\u00e9s del pitido inicial, momento desde el que los de Porto\u00a0tuvieron el control del bal\u00f3n e incluso rozaron el gol con el tanto marcado por <strong>Aboubakar<\/strong> en el minuto 16, anulado por fuera de juego.<\/p>\n<p style=\"text-align: center;\"><span style=\"color: #333399;\"><a style=\"color: #333399;\" href=\"https:\/\/www.futboltotal.com.mx\/2017\/08\/acusan-a-rafael-marquez-de-vinculos-con-el-narcotrafico\/\" target=\"_blank\" rel=\"noopener noreferrer\">VER M\u00c1S: Rafa M\u00e1rquez, vinculado con narco<\/a><\/span><\/p>\n<p>Tambi\u00e9n <strong>Jes\u00fas &#8216;Tecatito&#8217; Corona<\/strong> vio anularse un gol suyo en el 38, nuevamente por fuera de juego, y una vez m\u00e1s el Porto\u00a0vio un tanto anulado en el 68, obra de Marega.<\/p>\n<p>Tecatito disput\u00f3 70 minutos del encuentro, mientras que <strong>H\u00e9ctor Herrera<\/strong> jug\u00f3 los 10 minutos finales del cotejo.<\/p>\n<p>Con este resultado, los &#8220;dragones&#8221; firman su quinta victoria consecutiva en el arranque de la Liga portuguesa.<\/p>\n<p><iframe loading=\"lazy\" src=\"https:\/\/www.youtube.com\/embed\/O63NlF2OcIg?feature=oembed\" frameborder=\"0\" allowfullscreen><\/iframe><\/p>\n<p style=\"text-align: center;\"><span style=\"color: #333399;\"><a style=\"color: #333399;\" href=\"https:\/\/www.futboltotal.com.mx\/2017\/08\/vela-jona-gio-la-mls-la-liga-mx\/\" target=\"_blank\" rel=\"noopener noreferrer\">VER M\u00c1S: Vela, Gio y Jona \u00bfPor qu\u00e9 elgir la MLS y no la Liga MX?<\/a><\/span><\/p>\n","protected":false},"excerpt":{"rendered":"<p>Solo dos mexicanos vieron acci\u00f3n en el inicio de la liga<\/p>\n","protected":false},"author":144,"featured_media":492994,"comment_status":"closed","ping_status":"closed","sticky":false,"template":"","format":"standard","meta":[],"categories":[3839],"tags":[6006,5995,1035,1208,3985],"_links":{"self":[{"href":"http:\/\/desarrollo.grupomedios.com\/futbol\/wp-json\/wp\/v2\/posts\/492990"}],"collection":[{"href":"http:\/\/desarrollo.grupomedios.com\/futbol\/wp-json\/wp\/v2\/posts"}],"about":[{"href":"http:\/\/desarrollo.grupomedios.com\/futbol\/wp-json\/wp\/v2\/types\/post"}],"author":[{"embeddable":true,"href":"http:\/\/desarrollo.grupomedios.com\/futbol\/wp-json\/wp\/v2\/users\/144"}],"replies":[{"embeddable":true,"href":"http:\/\/desarrollo.grupomedios.com\/futbol\/wp-json\/wp\/v2\/comments?post=492990"}],"version-history":[{"count":1,"href":"http:\/\/desarrollo.grupomedios.com\/futbol\/wp-json\/wp\/v2\/posts\/492990\/revisions"}],"predecessor-version":[{"id":492995,"href":"http:\/\/desarrollo.grupomedios.com\/futbol\/wp-json\/wp\/v2\/posts\/492990\/revisions\/492995"}],"wp:featuredmedia":[{"embeddable":true,"href":"http:\/\/desarrollo.grupomedios.com\/futbol\/wp-json\/wp\/v2\/media\/492994"}],"wp:attachment":[{"href":"http:\/\/desarrollo.grupomedios.com\/futbol\/wp-json\/wp\/v2\/media?parent=492990"}],"wp:term":[{"taxonomy":"category","embeddable":true,"href":"http:\/\/desarrollo.grupomedios.com\/futbol\/wp-json\/wp\/v2\/categories?post=492990"},{"taxonomy":"post_tag","embeddable":true,"href":"http:\/\/desarrollo.grupomedios.com\/futbol\/wp-json\/wp\/v2\/tags?post=492990"}],"curies":[{"name":"wp","href":"https:\/\/api.w.org\/{rel}","templated":true}]}}