{"id":493030,"date":"2017-08-09T16:54:13","date_gmt":"2017-08-09T21:54:13","guid":{"rendered":"https:\/\/www.futboltotal.com.mx\/?p=493030"},"modified":"2017-08-09T17:07:53","modified_gmt":"2017-08-09T22:07:53","slug":"rafa-marquez-rinde-declaracion-ante-pgr","status":"publish","type":"post","link":"http:\/\/desarrollo.grupomedios.com\/futbol\/destacado-home\/rafa-marquez-rinde-declaracion-ante-pgr\/2017\/08","title":{"rendered":"Rafa M\u00e1rquez rinde su declaraci\u00f3n ante PGR"},"content":{"rendered":"<p>La <strong>Procuradur\u00eda General de la Rep\u00fablica<\/strong> (PGR) dio a conocer que el defensa mexicano, <strong>Rafael M\u00e1rquez<\/strong>, se present\u00f3 de manera voluntaria a rendir su declaraci\u00f3n este mi\u00e9rcoles.<\/p>\n<p style=\"text-align: center;\"><span style=\"color: #333399;\"><a style=\"color: #333399;\" href=\"https:\/\/www.futboltotal.com.mx\/2017\/08\/mls-se-robara-a-jugador-la-liga-mx\/\" target=\"_blank\" rel=\"noopener noreferrer\">VER M\u00c1S: MLS se robar\u00e1 a jugador de Xolos<\/a><\/span><\/p>\n<p>Esto en torno a la informaci\u00f3n que difundi\u00f3 el <span style=\"color: #333399;\"><a style=\"color: #333399;\" href=\"https:\/\/www.futboltotal.com.mx\/2017\/08\/acusan-a-rafael-marquez-de-vinculos-con-el-narcotrafico\/\" target=\"_blank\" rel=\"noopener noreferrer\">Departamento del Tesoro de los <strong>Estados Unidos<\/strong><\/a><\/span>. La PGR indic\u00f3 que trabaja en coordinaci\u00f3n con la dependencia estadounidense, tal y como lo se\u00f1ala el comunicado que se emiti\u00f3 en <strong>Washington<\/strong>.<\/p>\n<p>Este trabajo en conjunto entre <strong>M\u00e9xico<\/strong> y Estados Unidos continuar\u00e1, as\u00ed lo establece el comunicado enviado.<\/p>\n<p style=\"text-align: center;\"><span style=\"color: #333399;\"><a style=\"color: #333399;\" href=\"https:\/\/www.futboltotal.com.mx\/2017\/08\/conoce-el-nuevo-numero-que-usara-dybala-en-la-juventus\/\" target=\"_blank\" rel=\"noopener noreferrer\">VER M\u00c1S: Este ser\u00e1 el nuevo dorsal de Dybala en la Juventus<\/a><\/span><\/p>\n<p><a href=\"https:\/\/www.futboltotal.com.mx\/wp-content\/uploads\/2017\/08\/pgr.jpg\"><img decoding=\"async\" loading=\"lazy\" class=\"alignnone size-full wp-image-493032\" src=\"https:\/\/www.futboltotal.com.mx\/wp-content\/uploads\/2017\/08\/pgr.jpg\" alt=\"Rafa M\u00e1rquez rinde su declaraci\u00f3n ante PGR 0\" srcset=\"http:\/\/desarrollo.grupomedios.com\/futbol\/wp-content\/uploads\/2017\/08\/pgr.jpg 774w, http:\/\/desarrollo.grupomedios.com\/futbol\/wp-content\/uploads\/2017\/08\/pgr-300x262.jpg 300w, http:\/\/desarrollo.grupomedios.com\/futbol\/wp-content\/uploads\/2017\/08\/pgr-768x672.jpg 768w\" sizes=\"(max-width: 774px) 100vw, 774px\" \/><\/a><\/p>\n","protected":false},"excerpt":{"rendered":"<p>El defensa de los Rojinegros del Atlas se present\u00f3 de manera voluntaria<\/p>\n","protected":false},"author":20,"featured_media":484662,"comment_status":"closed","ping_status":"closed","sticky":false,"template":"","format":"standard","meta":[],"categories":[5419,5],"tags":[310,5627,5237,4358],"_links":{"self":[{"href":"http:\/\/desarrollo.grupomedios.com\/futbol\/wp-json\/wp\/v2\/posts\/493030"}],"collection":[{"href":"http:\/\/desarrollo.grupomedios.com\/futbol\/wp-json\/wp\/v2\/posts"}],"about":[{"href":"http:\/\/desarrollo.grupomedios.com\/futbol\/wp-json\/wp\/v2\/types\/post"}],"author":[{"embeddable":true,"href":"http:\/\/desarrollo.grupomedios.com\/futbol\/wp-json\/wp\/v2\/users\/20"}],"replies":[{"embeddable":true,"href":"http:\/\/desarrollo.grupomedios.com\/futbol\/wp-json\/wp\/v2\/comments?post=493030"}],"version-history":[{"count":1,"href":"http:\/\/desarrollo.grupomedios.com\/futbol\/wp-json\/wp\/v2\/posts\/493030\/revisions"}],"predecessor-version":[{"id":493033,"href":"http:\/\/desarrollo.grupomedios.com\/futbol\/wp-json\/wp\/v2\/posts\/493030\/revisions\/493033"}],"wp:featuredmedia":[{"embeddable":true,"href":"http:\/\/desarrollo.grupomedios.com\/futbol\/wp-json\/wp\/v2\/media\/484662"}],"wp:attachment":[{"href":"http:\/\/desarrollo.grupomedios.com\/futbol\/wp-json\/wp\/v2\/media?parent=493030"}],"wp:term":[{"taxonomy":"category","embeddable":true,"href":"http:\/\/desarrollo.grupomedios.com\/futbol\/wp-json\/wp\/v2\/categories?post=493030"},{"taxonomy":"post_tag","embeddable":true,"href":"http:\/\/desarrollo.grupomedios.com\/futbol\/wp-json\/wp\/v2\/tags?post=493030"}],"curies":[{"name":"wp","href":"https:\/\/api.w.org\/{rel}","templated":true}]}}