{"id":493035,"date":"2017-08-09T17:29:36","date_gmt":"2017-08-09T22:29:36","guid":{"rendered":"https:\/\/www.futboltotal.com.mx\/?p=493035"},"modified":"2017-08-09T17:29:36","modified_gmt":"2017-08-09T22:29:36","slug":"gerardo-torrado-ya-tiene-fecha-para-su-retiro","status":"publish","type":"post","link":"http:\/\/desarrollo.grupomedios.com\/futbol\/futbol-internacional\/gerardo-torrado-ya-tiene-fecha-para-su-retiro\/2017\/08","title":{"rendered":"Gerardo Torrado ya tiene fecha para su retiro"},"content":{"rendered":"<p><a href=\"https:\/\/www.futboltotal.com.mx\/2017\/07\/gerardo-torrado-se-perfila-director-selecciones\/\" target=\"_blank\" rel=\"noopener noreferrer\"><span style=\"color: #333399;\"><strong>Gerardo Torrado<\/strong><\/span><\/a> revel\u00f3 que en noviembre pondr\u00e1 fin a su carrera profesional, cuando finalice su contrato con el <span style=\"color: #333399;\"><a style=\"color: #333399;\" href=\"https:\/\/www.futboltotal.com.mx\/2016\/06\/gerardo-torrado-debuta-indy-eleven\/\" target=\"_blank\" rel=\"noopener noreferrer\"><strong>Indy Eleven<\/strong><\/a> <\/span>de los<strong> Estados Unidos<\/strong>, en entrevista con Marca Claro.<\/p>\n<blockquote><p>\u201cVoy a seguir jugando hasta noviembre que tengo contrato y ese mismo mes me voy a retirar, ya lo hab\u00eda platicado con mi familia un a\u00f1o atr\u00e1s, estoy disfrutando mucho estos meses y estoy bien con la decisi\u00f3n. Ha sido una carrera que he disfrutado mucho y estoy muy agradecido con el futbol por todo lo que me ha dejado en lo personal, estoy eternamente agradecido con el futbol y soy un privilegiado\u201d.<\/p><\/blockquote>\n<p style=\"text-align: center;\"><a href=\"https:\/\/www.futboltotal.com.mx\/2017\/08\/rafa-marquez-rinde-declaracion-ante-pgr\/\" target=\"_blank\" rel=\"noopener noreferrer\"><span style=\"color: #333399;\">VER M\u00c1S:\u00a0Rafa M\u00e1rquez rinde su declaraci\u00f3n ante PGR<\/span><\/a><\/p>\n<p>As\u00ed mismo, el \u2018Borrego\u2019 desminti\u00f3 los rumores que lo sit\u00faan en la <a href=\"https:\/\/www.futboltotal.com.mx\/2017\/07\/gerardo-torrado-se-perfila-director-selecciones\/\" target=\"_blank\" rel=\"noopener noreferrer\"><span style=\"color: #333399;\"><strong>Direcci\u00f3n Deportiva de la Selecci\u00f3n Mexicana.<\/strong><\/span><\/a><\/p>\n<blockquote><p>\u201cLas cosas como son, hace unos meses hubo un acercamiento con la Federaci\u00f3n sobre este tema, pero todo lo dem\u00e1s me he enterado a trav\u00e9s de los medios. Si existe la posibilidad es algo que me ilusionad y m\u00e1s en la Selecci\u00f3n Mexicana y claro que me gustar\u00eda estar ah\u00ed, pero hasta ahora todo son especulaciones\u201d.<\/p><\/blockquote>\n<p style=\"text-align: center;\"><a href=\"https:\/\/www.futboltotal.com.mx\/2017\/08\/liga-mx-la-mejor-de-america-duilio-davino\/\" target=\"_blank\" rel=\"noopener noreferrer\"><span style=\"color: #333399;\">VER M\u00c1S:\u00a0\u201cLiga MX, la mejor de Am\u00e9rica\u201d: Duilio Davino<\/span><\/a><\/p>\n","protected":false},"excerpt":{"rendered":"<p>El &#8216;Borrego&#8217; Torrado ya tiene fecha para su retiro<\/p>\n","protected":false},"author":20,"featured_media":493038,"comment_status":"closed","ping_status":"closed","sticky":false,"template":"","format":"standard","meta":[],"categories":[3839],"tags":[379,8536],"_links":{"self":[{"href":"http:\/\/desarrollo.grupomedios.com\/futbol\/wp-json\/wp\/v2\/posts\/493035"}],"collection":[{"href":"http:\/\/desarrollo.grupomedios.com\/futbol\/wp-json\/wp\/v2\/posts"}],"about":[{"href":"http:\/\/desarrollo.grupomedios.com\/futbol\/wp-json\/wp\/v2\/types\/post"}],"author":[{"embeddable":true,"href":"http:\/\/desarrollo.grupomedios.com\/futbol\/wp-json\/wp\/v2\/users\/20"}],"replies":[{"embeddable":true,"href":"http:\/\/desarrollo.grupomedios.com\/futbol\/wp-json\/wp\/v2\/comments?post=493035"}],"version-history":[{"count":2,"href":"http:\/\/desarrollo.grupomedios.com\/futbol\/wp-json\/wp\/v2\/posts\/493035\/revisions"}],"predecessor-version":[{"id":493039,"href":"http:\/\/desarrollo.grupomedios.com\/futbol\/wp-json\/wp\/v2\/posts\/493035\/revisions\/493039"}],"wp:featuredmedia":[{"embeddable":true,"href":"http:\/\/desarrollo.grupomedios.com\/futbol\/wp-json\/wp\/v2\/media\/493038"}],"wp:attachment":[{"href":"http:\/\/desarrollo.grupomedios.com\/futbol\/wp-json\/wp\/v2\/media?parent=493035"}],"wp:term":[{"taxonomy":"category","embeddable":true,"href":"http:\/\/desarrollo.grupomedios.com\/futbol\/wp-json\/wp\/v2\/categories?post=493035"},{"taxonomy":"post_tag","embeddable":true,"href":"http:\/\/desarrollo.grupomedios.com\/futbol\/wp-json\/wp\/v2\/tags?post=493035"}],"curies":[{"name":"wp","href":"https:\/\/api.w.org\/{rel}","templated":true}]}}