{"id":493059,"date":"2017-08-09T20:01:53","date_gmt":"2017-08-10T01:01:53","guid":{"rendered":"https:\/\/www.futboltotal.com.mx\/?p=493059"},"modified":"2017-08-09T20:01:53","modified_gmt":"2017-08-10T01:01:53","slug":"edson-alvarez-prefiero-jugar-con-chivas-que-pumas","status":"publish","type":"post","link":"http:\/\/desarrollo.grupomedios.com\/futbol\/destacado-home\/edson-alvarez-prefiero-jugar-con-chivas-que-pumas\/2017\/08","title":{"rendered":"Edson \u00c1lvarez: prefiero vestir la playera de Chivas que la de Pumas"},"content":{"rendered":"<p>El defensa de las <em>\u00c1guilas<\/em> del Am\u00e9rica, <strong>\u00c9dson \u00c1lvarez<\/strong> afirm\u00f3 que si tuviera que escoger entre jugar con <strong>Chivas<\/strong> o con Pumas lo har\u00eda con el <em>Reba\u00f1o Sagrado<\/em>.<\/p>\n<p>El lateral americanista confes\u00f3 en un programa de la cadena <em>ESPN<\/em> que no jugar\u00eda con ninguno porque son rivales de las \u00c1guilas, pero si tuviera que escoger lo har\u00eda con los rojiblancos porque &#8220;son un equipo que juega con futbolistas mexicanos&#8221;.<\/p>\n<p style=\"text-align: center;\"><span style=\"color: #333399;\"><a style=\"color: #333399;\" href=\"https:\/\/www.futboltotal.com.mx\/2017\/08\/gerardo-torrado-ya-tiene-fecha-para-su-retiro\/\">VER M\u00c1S: <span class=\"item-title\">Gerardo Torrado ya tiene fecha para su retiro<\/span><\/a><\/span><\/p>\n<p>El futbolista de 19 a\u00f1os debut\u00f3 en el <strong>Am\u00e9rica <\/strong>en el 2016, y se ha convertido poco a poco en uno de los referentes de la defensa de las \u00c1guilas y las selecciones menores del Tricolor.<\/p>\n<p>&nbsp;<\/p>\n","protected":false},"excerpt":{"rendered":"<p>El defensa de las \u00c1guilas del Am\u00e9rica respondi\u00f3 a una inc\u00f3moda pregunta<\/p>\n","protected":false},"author":20,"featured_media":493062,"comment_status":"closed","ping_status":"closed","sticky":false,"template":"","format":"standard","meta":[],"categories":[5,2198,3845],"tags":[5959,70,7939,74],"_links":{"self":[{"href":"http:\/\/desarrollo.grupomedios.com\/futbol\/wp-json\/wp\/v2\/posts\/493059"}],"collection":[{"href":"http:\/\/desarrollo.grupomedios.com\/futbol\/wp-json\/wp\/v2\/posts"}],"about":[{"href":"http:\/\/desarrollo.grupomedios.com\/futbol\/wp-json\/wp\/v2\/types\/post"}],"author":[{"embeddable":true,"href":"http:\/\/desarrollo.grupomedios.com\/futbol\/wp-json\/wp\/v2\/users\/20"}],"replies":[{"embeddable":true,"href":"http:\/\/desarrollo.grupomedios.com\/futbol\/wp-json\/wp\/v2\/comments?post=493059"}],"version-history":[{"count":1,"href":"http:\/\/desarrollo.grupomedios.com\/futbol\/wp-json\/wp\/v2\/posts\/493059\/revisions"}],"predecessor-version":[{"id":493065,"href":"http:\/\/desarrollo.grupomedios.com\/futbol\/wp-json\/wp\/v2\/posts\/493059\/revisions\/493065"}],"wp:featuredmedia":[{"embeddable":true,"href":"http:\/\/desarrollo.grupomedios.com\/futbol\/wp-json\/wp\/v2\/media\/493062"}],"wp:attachment":[{"href":"http:\/\/desarrollo.grupomedios.com\/futbol\/wp-json\/wp\/v2\/media?parent=493059"}],"wp:term":[{"taxonomy":"category","embeddable":true,"href":"http:\/\/desarrollo.grupomedios.com\/futbol\/wp-json\/wp\/v2\/categories?post=493059"},{"taxonomy":"post_tag","embeddable":true,"href":"http:\/\/desarrollo.grupomedios.com\/futbol\/wp-json\/wp\/v2\/tags?post=493059"}],"curies":[{"name":"wp","href":"https:\/\/api.w.org\/{rel}","templated":true}]}}