{"id":493069,"date":"2017-08-09T20:47:46","date_gmt":"2017-08-10T01:47:46","guid":{"rendered":"https:\/\/www.futboltotal.com.mx\/?p=493069"},"modified":"2017-08-09T20:47:46","modified_gmt":"2017-08-10T01:47:46","slug":"rafa-marquez-niega-nexos-narco","status":"publish","type":"post","link":"http:\/\/desarrollo.grupomedios.com\/futbol\/destacado-home\/rafa-marquez-niega-nexos-narco\/2017\/08","title":{"rendered":"Rafa M\u00e1rquez niega nexos con el narco"},"content":{"rendered":"<p>El capit\u00e1n de los rojinegros del <strong>Atlas,<\/strong> <strong>Rafa M\u00e1rquez<\/strong>, neg\u00f3 de manera categ\u00f3rica que tenga alguna relaci\u00f3n con el narcotr\u00e1fico.<\/p>\n<p>En una breve conferencia, el &#8216;K\u00e1iser&#8217; michoacano declar\u00f3 que no conoce a nadie de los personajes con los que se le involucr\u00f3 este d\u00eda durante una investigaci\u00f3n que dio a conocer a 21 personas relacionadas con el narcotraficante Ra\u00fal Flores Hern\u00e1ndez.<\/p>\n<p style=\"text-align: center;\"><span style=\"color: #333399;\"><a style=\"color: #333399;\" href=\"https:\/\/www.futboltotal.com.mx\/2017\/08\/edson-alvarez-prefiero-jugar-con-chivas-que-pumas\/\">VER M\u00c1S: <span class=\"item-title\">Edson \u00c1lvarez: prefiero vestir la playera de Chivas que la de Pumas<\/span><\/a><\/span><\/p>\n<p>&#8220;Nunca he participado en ninguna de las organizaciones que se han ventilado&#8221;, acept\u00f3 M\u00e1rquez, tras la acusaci\u00f3n por parte del Departamento del Tesoro de los Estados Unidos.<\/p>\n<p>Rafa M\u00e1rquez pidi\u00f3 por \u00faltimo que tuvieran respeto hacia su familia, y que &#8220;es la defensa m\u00e1s dif\u00edcil de mi vida, pero lo voy a comprobar&#8221;.<\/p>\n<p style=\"text-align: center;\"><span style=\"color: #333399;\"><a style=\"color: #333399;\" href=\"https:\/\/www.futboltotal.com.mx\/2017\/08\/rafa-marquez-rinde-declaracion-ante-pgr\/\">VER M\u00c1S: <span class=\"item-title\">Rafa M\u00e1rquez rinde su declaraci\u00f3n ante PGR<\/span><\/a><\/span><\/p>\n","protected":false},"excerpt":{"rendered":"<p>El defensa de los rojinegros afirm\u00f3 que defender\u00e1 su honor <\/p>\n","protected":false},"author":20,"featured_media":493071,"comment_status":"closed","ping_status":"closed","sticky":false,"template":"","format":"standard","meta":[],"categories":[5,2198,3845],"tags":[5961,5627,4358],"_links":{"self":[{"href":"http:\/\/desarrollo.grupomedios.com\/futbol\/wp-json\/wp\/v2\/posts\/493069"}],"collection":[{"href":"http:\/\/desarrollo.grupomedios.com\/futbol\/wp-json\/wp\/v2\/posts"}],"about":[{"href":"http:\/\/desarrollo.grupomedios.com\/futbol\/wp-json\/wp\/v2\/types\/post"}],"author":[{"embeddable":true,"href":"http:\/\/desarrollo.grupomedios.com\/futbol\/wp-json\/wp\/v2\/users\/20"}],"replies":[{"embeddable":true,"href":"http:\/\/desarrollo.grupomedios.com\/futbol\/wp-json\/wp\/v2\/comments?post=493069"}],"version-history":[{"count":1,"href":"http:\/\/desarrollo.grupomedios.com\/futbol\/wp-json\/wp\/v2\/posts\/493069\/revisions"}],"predecessor-version":[{"id":493072,"href":"http:\/\/desarrollo.grupomedios.com\/futbol\/wp-json\/wp\/v2\/posts\/493069\/revisions\/493072"}],"wp:featuredmedia":[{"embeddable":true,"href":"http:\/\/desarrollo.grupomedios.com\/futbol\/wp-json\/wp\/v2\/media\/493071"}],"wp:attachment":[{"href":"http:\/\/desarrollo.grupomedios.com\/futbol\/wp-json\/wp\/v2\/media?parent=493069"}],"wp:term":[{"taxonomy":"category","embeddable":true,"href":"http:\/\/desarrollo.grupomedios.com\/futbol\/wp-json\/wp\/v2\/categories?post=493069"},{"taxonomy":"post_tag","embeddable":true,"href":"http:\/\/desarrollo.grupomedios.com\/futbol\/wp-json\/wp\/v2\/tags?post=493069"}],"curies":[{"name":"wp","href":"https:\/\/api.w.org\/{rel}","templated":true}]}}