{"id":493098,"date":"2017-08-09T23:01:41","date_gmt":"2017-08-10T04:01:41","guid":{"rendered":"https:\/\/www.futboltotal.com.mx\/?p=493098"},"modified":"2017-08-09T23:01:41","modified_gmt":"2017-08-10T04:01:41","slug":"resultado-cronica-leones-negros-0-2-toluca-copa-mx","status":"publish","type":"post","link":"http:\/\/desarrollo.grupomedios.com\/futbol\/destacado-home\/resultado-cronica-leones-negros-0-2-toluca-copa-mx\/2017\/08","title":{"rendered":"Toluca saca el triunfo de visita en el Jalisco"},"content":{"rendered":"<p>Los <em>Diablos Rojos<\/em> del <strong>Toluca<\/strong> lograron la victoria por 2-0 sobre los <strong>Leones Negros<\/strong> en la fecha 3 del Torneo Apertura 2017.<\/p>\n<p>El gol de Mart\u00edn Abundis al minuto 17 signific\u00f3 los tres puntos para la escuadra choricera.<\/p>\n<blockquote class=\"twitter-tweet\" data-partner=\"tweetdeck\">\n<p dir=\"ltr\" lang=\"es\"><a href=\"https:\/\/twitter.com\/hashtag\/NoTeLoPierdas?src=hash\">#NoTeLoPierdas<\/a><br \/>\nG\u26bd\u26bd\u26bdL de Mart\u00edn Abundiz<a href=\"https:\/\/twitter.com\/LeonesNegrosCF\">@LeonesNegrosCF<\/a> 0-1 <a href=\"https:\/\/twitter.com\/TolucaFC\">@TolucaFC<\/a> <a href=\"https:\/\/twitter.com\/hashtag\/Jornada3?src=hash\">#Jornada3<\/a> <a href=\"https:\/\/twitter.com\/hashtag\/CopaCoronaMX?src=hash\">#CopaCoronaMX<\/a> &#x1f3c6;<br \/>\n\u26bd <a href=\"https:\/\/twitter.com\/hashtag\/SienteTuLiga?src=hash\">#SienteTuLiga<\/a> \u26bd <a href=\"https:\/\/twitter.com\/hashtag\/Mi%C3%A9rcolesDeFut?src=hash\">#Mi\u00e9rcolesDeFut<\/a> <a href=\"https:\/\/t.co\/ynOLmYxige\">pic.twitter.com\/ynOLmYxige<\/a><\/p>\n<p>\u2014 #CopaCoronaMX (@CopaCoronaMx) <a href=\"https:\/\/twitter.com\/CopaCoronaMx\/status\/895470831618236416\">August 10, 2017<\/a><\/p><\/blockquote>\n<p><script async src=\"\/\/platform.twitter.com\/widgets.js\" charset=\"utf-8\"><\/script><\/p>\n<p>Cuando terminaba el encuentro, lleg\u00f3 una descolgada de Alexis Canelo que sac\u00f3 el disparo, el arquero tapat\u00edo ataj\u00f3 y en el rebote Juan Delgadillo puso el 2-0 lapidario.<\/p>\n<blockquote class=\"twitter-tweet\" data-partner=\"tweetdeck\">\n<p dir=\"ltr\" lang=\"es\"><a href=\"https:\/\/twitter.com\/hashtag\/NoTeLoPierdas?src=hash\">#NoTeLoPierdas<\/a><br \/>\nG\u26bd\u26bd\u26bdL de Juan Delgadillo<a href=\"https:\/\/twitter.com\/LeonesNegrosCF\">@LeonesNegrosCF<\/a> 0-2 <a href=\"https:\/\/twitter.com\/TolucaFC\">@TolucaFC<\/a> <a href=\"https:\/\/twitter.com\/hashtag\/Jornada3?src=hash\">#Jornada3<\/a> <a href=\"https:\/\/twitter.com\/hashtag\/CopaCoronaMX?src=hash\">#CopaCoronaMX<\/a> &#x1f3c6;<br \/>\n\u26bd <a href=\"https:\/\/twitter.com\/hashtag\/SienteTuLiga?src=hash\">#SienteTuLiga<\/a> \u26bd <a href=\"https:\/\/twitter.com\/hashtag\/Mi%C3%A9rcolesDeFut?src=hash\">#Mi\u00e9rcolesDeFut<\/a> <a href=\"https:\/\/t.co\/wRlcSx51I7\">pic.twitter.com\/wRlcSx51I7<\/a><\/p>\n<p>\u2014 #CopaCoronaMX (@CopaCoronaMx) <a href=\"https:\/\/twitter.com\/CopaCoronaMx\/status\/895494248191086592\">August 10, 2017<\/a><\/p><\/blockquote>\n<p><script async src=\"\/\/platform.twitter.com\/widgets.js\" charset=\"utf-8\"><\/script><\/p>\n<p>Con este triunfo, los Diablos llegaron a seis puntos, mientras que los Leones Negros se quedaron en tres unidades.<\/p>\n<p>&nbsp;<\/p>\n","protected":false},"excerpt":{"rendered":"<p>Con goles de Abundis y Delgadillo, los Diablos Rojos superaron a la U. de G.<\/p>\n","protected":false},"author":20,"featured_media":493102,"comment_status":"closed","ping_status":"closed","sticky":false,"template":"","format":"standard","meta":[],"categories":[4247,5,2198],"tags":[285,537,5975],"_links":{"self":[{"href":"http:\/\/desarrollo.grupomedios.com\/futbol\/wp-json\/wp\/v2\/posts\/493098"}],"collection":[{"href":"http:\/\/desarrollo.grupomedios.com\/futbol\/wp-json\/wp\/v2\/posts"}],"about":[{"href":"http:\/\/desarrollo.grupomedios.com\/futbol\/wp-json\/wp\/v2\/types\/post"}],"author":[{"embeddable":true,"href":"http:\/\/desarrollo.grupomedios.com\/futbol\/wp-json\/wp\/v2\/users\/20"}],"replies":[{"embeddable":true,"href":"http:\/\/desarrollo.grupomedios.com\/futbol\/wp-json\/wp\/v2\/comments?post=493098"}],"version-history":[{"count":1,"href":"http:\/\/desarrollo.grupomedios.com\/futbol\/wp-json\/wp\/v2\/posts\/493098\/revisions"}],"predecessor-version":[{"id":493103,"href":"http:\/\/desarrollo.grupomedios.com\/futbol\/wp-json\/wp\/v2\/posts\/493098\/revisions\/493103"}],"wp:featuredmedia":[{"embeddable":true,"href":"http:\/\/desarrollo.grupomedios.com\/futbol\/wp-json\/wp\/v2\/media\/493102"}],"wp:attachment":[{"href":"http:\/\/desarrollo.grupomedios.com\/futbol\/wp-json\/wp\/v2\/media?parent=493098"}],"wp:term":[{"taxonomy":"category","embeddable":true,"href":"http:\/\/desarrollo.grupomedios.com\/futbol\/wp-json\/wp\/v2\/categories?post=493098"},{"taxonomy":"post_tag","embeddable":true,"href":"http:\/\/desarrollo.grupomedios.com\/futbol\/wp-json\/wp\/v2\/tags?post=493098"}],"curies":[{"name":"wp","href":"https:\/\/api.w.org\/{rel}","templated":true}]}}