{"id":493104,"date":"2017-08-10T08:48:34","date_gmt":"2017-08-10T13:48:34","guid":{"rendered":"https:\/\/www.futboltotal.com.mx\/?p=493104"},"modified":"2017-08-10T08:48:34","modified_gmt":"2017-08-10T13:48:34","slug":"klopp-dice-barcelona-liverpool-no-necesita-vender-nadie","status":"publish","type":"post","link":"http:\/\/desarrollo.grupomedios.com\/futbol\/futbol-internacional\/klopp-dice-barcelona-liverpool-no-necesita-vender-nadie\/2017\/08","title":{"rendered":"Klopp le dice al Barcelona: &#8220;Liverpool no necesita vender a nadie&#8221;"},"content":{"rendered":"<p class=\"DETALLE_N_titulo \">El entrenador del <strong>Liverpool<\/strong>, <strong>J\u00fcrgen Klopp<\/strong>, en una entrevista difundida por el canal de pago alem\u00e1n Skype, dijo interrogado sobre el centrocampista brasile\u00f1o <strong>Coutinho<\/strong> pretendido por el <strong>FC Barcelona<\/strong>, que su club no necesita vender a nadie y que la prioridad es mejorar la calidad de la plantilla.<\/p>\n<div id=\"texto\" class=\"texto_txt\">\n<div class=\"DETALLE_N_texto \">\n<p><span id=\"ctl14_lblMostra\">&#8220;El s\u00f3lo hecho de que un club venga con una oferta no nos pone a reflexionar si debemos vender a un determinado jugador&#8221;, dijo Klopp en la entrevista.<\/p>\n<p>Interrogado acerca de si el Barcelona estuviera dispuesto a pagar <strong>150 millones de euros<\/strong> por Coutinho ser\u00eda suficiente, Klopp dijo que no se trataba s\u00f3lo de una cuesti\u00f3n de dinero.<\/span><\/p>\n<p style=\"text-align: center;\"><span id=\"ctl14_lblMostra\"><a href=\"https:\/\/www.futboltotal.com.mx\/2017\/08\/liverpool-habria-rechazado-millonada-del-barcelona-coutinho\/\" target=\"_blank\" rel=\"noopener noreferrer\"><span style=\"color: #333399;\">VER M\u00c1S: Liverpool habr\u00eda rechazado millonada del Bar\u00e7a por Coutinho<\/span><\/a><\/span><\/p>\n<p><span id=\"ctl14_lblMostra\">&#8220;No se trata s\u00f3lo de cu\u00e1nto est\u00e1n dispuestos a pagar, no tenemos necesidad de vender. La prioridad es mantener a los chicos que est\u00e1n aqu\u00ed y mejorar la plantilla&#8221;, agreg\u00f3.<\/p>\n<p>En un posible traspaso, seg\u00fan Klopp, lo fundamental es la pregunta de si el Liverpool puede reaccionar para compensar la marcha de un determinado jugador.<\/p>\n<p>&#8220;Tenemos que preguntarnos si podemos reaccionar y c\u00f3mo podemos reaccionar. Eso tambi\u00e9n tiene que ver con el momento en que se produzca un traspaso&#8221;, explic\u00f3. <\/span><\/p>\n<\/div>\n<\/div>\n","protected":false},"excerpt":{"rendered":"<p>El t\u00e9cnico de los Reds mand\u00f3 un claro mensaje a los Cul\u00e9s, que quieren a Coutinho.<\/p>\n","protected":false},"author":144,"featured_media":493105,"comment_status":"closed","ping_status":"closed","sticky":false,"template":"","format":"standard","meta":[],"categories":[7740,3839,3844,3846],"tags":[5984,2616,2863,5989,2669],"_links":{"self":[{"href":"http:\/\/desarrollo.grupomedios.com\/futbol\/wp-json\/wp\/v2\/posts\/493104"}],"collection":[{"href":"http:\/\/desarrollo.grupomedios.com\/futbol\/wp-json\/wp\/v2\/posts"}],"about":[{"href":"http:\/\/desarrollo.grupomedios.com\/futbol\/wp-json\/wp\/v2\/types\/post"}],"author":[{"embeddable":true,"href":"http:\/\/desarrollo.grupomedios.com\/futbol\/wp-json\/wp\/v2\/users\/144"}],"replies":[{"embeddable":true,"href":"http:\/\/desarrollo.grupomedios.com\/futbol\/wp-json\/wp\/v2\/comments?post=493104"}],"version-history":[{"count":1,"href":"http:\/\/desarrollo.grupomedios.com\/futbol\/wp-json\/wp\/v2\/posts\/493104\/revisions"}],"predecessor-version":[{"id":493106,"href":"http:\/\/desarrollo.grupomedios.com\/futbol\/wp-json\/wp\/v2\/posts\/493104\/revisions\/493106"}],"wp:featuredmedia":[{"embeddable":true,"href":"http:\/\/desarrollo.grupomedios.com\/futbol\/wp-json\/wp\/v2\/media\/493105"}],"wp:attachment":[{"href":"http:\/\/desarrollo.grupomedios.com\/futbol\/wp-json\/wp\/v2\/media?parent=493104"}],"wp:term":[{"taxonomy":"category","embeddable":true,"href":"http:\/\/desarrollo.grupomedios.com\/futbol\/wp-json\/wp\/v2\/categories?post=493104"},{"taxonomy":"post_tag","embeddable":true,"href":"http:\/\/desarrollo.grupomedios.com\/futbol\/wp-json\/wp\/v2\/tags?post=493104"}],"curies":[{"name":"wp","href":"https:\/\/api.w.org\/{rel}","templated":true}]}}